{"id":10165,"date":"2017-11-30T16:42:38","date_gmt":"2017-11-30T16:42:38","guid":{"rendered":""},"modified":"2017-11-30T16:42:38","modified_gmt":"2017-11-30T16:42:38","slug":"un-acuerdo-para-construir-5-parques-eolicos-en-espana","status":"publish","type":"post","link":"https:\/\/sertv.gob.pa\/crisolfm\/un-acuerdo-para-construir-5-parques-eolicos-en-espana\/","title":{"rendered":"Un acuerdo para construir 5 parques e\u00f3licos en Espa\u00f1a"},"content":{"rendered":"<p>\nVestas y Gas Natural Fenosa, en el marco de la feria WindEurope 2017 de Amsterdam, han alcanzado un acuerdo para la construcci\u00f3n de 5 nuevos parques e\u00f3licos en Espa\u00f1a con una capacidad total instalada que se situar\u00e1 en 86 MW, seg\u00fan inform\u00f3 Vestas en un comunicado. <\/p>\n<p>Este pedido engloba un total de 30 aerogeneradores de distintos modelos de Vestas y la empresa indic\u00f3 que este acuerdo pone de manifiesto la \u00abversatilidad y flexibilidad\u00bb que tienen las plataformas de 2 y 4 MW de la compa\u00f1\u00eda a la hora de maximizar el rendimiento energ\u00e9tico de los parques e\u00f3licos. <\/p>\n<p>Vestas subray\u00f3 que estos cinco proyectos e\u00f3licos derivan de la subasta de energ\u00eda que se celebr\u00f3 el pasado mes de mayo y apunt\u00f3 que ser\u00e1n los primeros parques e\u00f3licos en iniciar su ejecuci\u00f3n. La previsi\u00f3n es que la instalaci\u00f3n y la puesta en marcha de los aerogeneradores se inicie en la segunda mitad de 2018. <\/p>\n<p>Ante este proyecto, el vicepresidente y responsable global de Ventas de la empresa de energ\u00eda e\u00f3lica, Juan Araluce, indic\u00f3 que este contrato es otra muestra m\u00e1s de la capacidad de la firma para generar valor a sus clientes, proporcionando soluciones competitivas y personalizadas que den respuesta a sus necesidades espec\u00edficas. <\/p>\n<p>\u00abEn este caso, cada parque e\u00f3lico ha requerido un modelo diferente de aerogenerador para optimizar su rendimiento al menor coste. Nos enorgullece que, una vez m\u00e1s, Gas Natural Fenosa Renovables haya depositado su confianza en nuestros productos\u00bb, a\u00f1adi\u00f3. <\/p>\n<p>La compa\u00f1\u00eda e\u00f3lica indic\u00f3 que la divisi\u00f3n de energ\u00edas renovables de Gas Natural Fenosa cuenta con una capacidad instalada de 400 MW de aerogeneradores de Vestas en Espa\u00f1a, el \u00faltimo de ellos instalado en 2016. <\/p>\n<p>\u00a0 <\/p>\n","protected":false},"excerpt":{"rendered":"<p>Vestas y Gas Natural Fenosa, en el marco de la <a href=\"https:\/\/sertv.gob.pa\/crisolfm\/un-acuerdo-para-construir-5-parques-eolicos-en-espana\/\"> [&#8230;]<\/a><\/p>\n","protected":false},"author":1,"featured_media":10166,"comment_status":"closed","ping_status":"closed","sticky":false,"template":"","format":"standard","meta":{"footnotes":""},"categories":[7],"tags":[],"class_list":["post-10165","post","type-post","status-publish","format-standard","has-post-thumbnail","hentry","category-ecologicas"],"_links":{"self":[{"href":"https:\/\/sertv.gob.pa\/crisolfm\/wp-json\/wp\/v2\/posts\/10165","targetHints":{"allow":["GET"]}}],"collection":[{"href":"https:\/\/sertv.gob.pa\/crisolfm\/wp-json\/wp\/v2\/posts"}],"about":[{"href":"https:\/\/sertv.gob.pa\/crisolfm\/wp-json\/wp\/v2\/types\/post"}],"author":[{"embeddable":true,"href":"https:\/\/sertv.gob.pa\/crisolfm\/wp-json\/wp\/v2\/users\/1"}],"replies":[{"embeddable":true,"href":"https:\/\/sertv.gob.pa\/crisolfm\/wp-json\/wp\/v2\/comments?post=10165"}],"version-history":[{"count":0,"href":"https:\/\/sertv.gob.pa\/crisolfm\/wp-json\/wp\/v2\/posts\/10165\/revisions"}],"wp:featuredmedia":[{"embeddable":true,"href":"https:\/\/sertv.gob.pa\/crisolfm\/wp-json\/wp\/v2\/media\/10166"}],"wp:attachment":[{"href":"https:\/\/sertv.gob.pa\/crisolfm\/wp-json\/wp\/v2\/media?parent=10165"}],"wp:term":[{"taxonomy":"category","embeddable":true,"href":"https:\/\/sertv.gob.pa\/crisolfm\/wp-json\/wp\/v2\/categories?post=10165"},{"taxonomy":"post_tag","embeddable":true,"href":"https:\/\/sertv.gob.pa\/crisolfm\/wp-json\/wp\/v2\/tags?post=10165"}],"curies":[{"name":"wp","href":"https:\/\/api.w.org\/{rel}","templated":true}]}}