{"id":10189,"date":"2017-12-04T15:34:27","date_gmt":"2017-12-04T15:34:27","guid":{"rendered":""},"modified":"2017-12-04T15:34:27","modified_gmt":"2017-12-04T15:34:27","slug":"la-superluna-se-apreciara-nuevamente-el-31-de-enero","status":"publish","type":"post","link":"https:\/\/sertv.gob.pa\/crisolfm\/la-superluna-se-apreciara-nuevamente-el-31-de-enero\/","title":{"rendered":"La &#8216;SuperLuna&#8217; se apreciar\u00e1 nuevamente el 31 de enero"},"content":{"rendered":"<p>\nLa madrugada de este lunes 4 de diciembre sucedi\u00f3 el fen\u00f3meno natural conocido como \u00abSuperluna\u00bb, que es cuando la luna se aprecia un\u00a014% m\u00e1s grande\u00a0 y su brillo aumenta\u00a0 un 30%. Estos incrementos ocurren porque la Luna est\u00e1 m\u00e1s cerca de la tierra. <\/p>\n<p>Este fen\u00f3meno pasa 4 veces al a\u00f1o, sin embargo, la de este lunes en la madrugada fue cuando se puedo apreciar, en vista de que las tres anteriores coincidieron con la Luna nueva, lo que imposibilit\u00f3 que se pudiera observar los cambios que experimenta. <\/p>\n<p>El pr\u00f3ximo 2 de enero volver\u00e1 ocurrir este fen\u00f3meno y ser\u00e1 el primero del a\u00f1o 2018; sin embargo, el 31 del mismo mes, cuando suceda por segunda vez del a\u00f1o, se podr\u00e1 apreciar en vista de que coincidir\u00e1 con la Luna llena.\u00a0 <\/p>\n<p>Para est\u00e1 fecha la Luna adquirir\u00e1 un brillo misterioso, algunas personas le llaman \u00bb Luna Azul\u00bb explic\u00f3 la NASA.\u00a0 <\/p>\n<p>\u00a0 <\/p>\n","protected":false},"excerpt":{"rendered":"<p>La madrugada de este lunes 4 de diciembre sucedi\u00f3 el <a href=\"https:\/\/sertv.gob.pa\/crisolfm\/la-superluna-se-apreciara-nuevamente-el-31-de-enero\/\"> [&#8230;]<\/a><\/p>\n","protected":false},"author":1,"featured_media":10190,"comment_status":"closed","ping_status":"closed","sticky":false,"template":"","format":"standard","meta":{"footnotes":""},"categories":[7],"tags":[],"class_list":["post-10189","post","type-post","status-publish","format-standard","has-post-thumbnail","hentry","category-ecologicas"],"_links":{"self":[{"href":"https:\/\/sertv.gob.pa\/crisolfm\/wp-json\/wp\/v2\/posts\/10189","targetHints":{"allow":["GET"]}}],"collection":[{"href":"https:\/\/sertv.gob.pa\/crisolfm\/wp-json\/wp\/v2\/posts"}],"about":[{"href":"https:\/\/sertv.gob.pa\/crisolfm\/wp-json\/wp\/v2\/types\/post"}],"author":[{"embeddable":true,"href":"https:\/\/sertv.gob.pa\/crisolfm\/wp-json\/wp\/v2\/users\/1"}],"replies":[{"embeddable":true,"href":"https:\/\/sertv.gob.pa\/crisolfm\/wp-json\/wp\/v2\/comments?post=10189"}],"version-history":[{"count":0,"href":"https:\/\/sertv.gob.pa\/crisolfm\/wp-json\/wp\/v2\/posts\/10189\/revisions"}],"wp:featuredmedia":[{"embeddable":true,"href":"https:\/\/sertv.gob.pa\/crisolfm\/wp-json\/wp\/v2\/media\/10190"}],"wp:attachment":[{"href":"https:\/\/sertv.gob.pa\/crisolfm\/wp-json\/wp\/v2\/media?parent=10189"}],"wp:term":[{"taxonomy":"category","embeddable":true,"href":"https:\/\/sertv.gob.pa\/crisolfm\/wp-json\/wp\/v2\/categories?post=10189"},{"taxonomy":"post_tag","embeddable":true,"href":"https:\/\/sertv.gob.pa\/crisolfm\/wp-json\/wp\/v2\/tags?post=10189"}],"curies":[{"name":"wp","href":"https:\/\/api.w.org\/{rel}","templated":true}]}}