{"id":10213,"date":"2017-12-06T15:22:09","date_gmt":"2017-12-06T15:22:09","guid":{"rendered":""},"modified":"2017-12-06T15:22:09","modified_gmt":"2017-12-06T15:22:09","slug":"sur-de-california-en-estados-unidos-amenazado-por-incendios","status":"publish","type":"post","link":"https:\/\/sertv.gob.pa\/crisolfm\/sur-de-california-en-estados-unidos-amenazado-por-incendios\/","title":{"rendered":"Sur de California, en Estados Unidos, amenazado por incendios"},"content":{"rendered":"<p>\nViviendas y dem\u00e1s efectos personales en riesgo, adem\u00e1s de centenares de vidas humanas,\u00a0es lo que enfrentan las autoridades del Sur de California, en Estados Unidos, desde que este martes comenzaran incendios forestales producto de los fuertes vientos y la baja humedad. <\/p>\n<p>Miles de personas han sido evacuadas y varias edificaciones han sufrido da\u00f1o parcial y total. <\/p>\n<p>El Departamento de Silvicultura y Protecci\u00f3n contra Incendios de California (CAL Fire por sus siglas en ingl\u00e9s), inform\u00f3\u00a0 a trav\u00e9s de su cuenta de Twitter sobre la movilizaci\u00f3n de recursos como aviones y equipos contra incendios para el\u00a0 abordaje de la situaci\u00f3n. <\/p>\n<p>De acuerdo con un reciente reporte del\u00a0  Departamento de Bomberos de Los \u00c1ngeles , se declar\u00f3 una alerta de bandera roja en toda la ciudad\u00a0y los bomberos del condado de Los \u00c1ngeles, junto con otras agencias de polic\u00eda, departamentos del condado, organizaciones y voluntarios contin\u00faan trabajando para contener al fuego. <\/p>\n<p>El clima pronosticado provoc\u00f3 un peligro extremo de incendio en las \u00e1reas de maleza de la ciudad, y la necesidad de establecer restricciones especiales de estacionamiento en \u00e1reas propensas a incendios forestales. <\/p>\n<p>\u00a0 <\/p>\n","protected":false},"excerpt":{"rendered":"<p>Viviendas y dem\u00e1s efectos personales en riesgo, adem\u00e1s de centenares <a href=\"https:\/\/sertv.gob.pa\/crisolfm\/sur-de-california-en-estados-unidos-amenazado-por-incendios\/\"> [&#8230;]<\/a><\/p>\n","protected":false},"author":1,"featured_media":10214,"comment_status":"closed","ping_status":"closed","sticky":false,"template":"","format":"standard","meta":{"footnotes":""},"categories":[7],"tags":[],"class_list":["post-10213","post","type-post","status-publish","format-standard","has-post-thumbnail","hentry","category-ecologicas"],"_links":{"self":[{"href":"https:\/\/sertv.gob.pa\/crisolfm\/wp-json\/wp\/v2\/posts\/10213","targetHints":{"allow":["GET"]}}],"collection":[{"href":"https:\/\/sertv.gob.pa\/crisolfm\/wp-json\/wp\/v2\/posts"}],"about":[{"href":"https:\/\/sertv.gob.pa\/crisolfm\/wp-json\/wp\/v2\/types\/post"}],"author":[{"embeddable":true,"href":"https:\/\/sertv.gob.pa\/crisolfm\/wp-json\/wp\/v2\/users\/1"}],"replies":[{"embeddable":true,"href":"https:\/\/sertv.gob.pa\/crisolfm\/wp-json\/wp\/v2\/comments?post=10213"}],"version-history":[{"count":0,"href":"https:\/\/sertv.gob.pa\/crisolfm\/wp-json\/wp\/v2\/posts\/10213\/revisions"}],"wp:featuredmedia":[{"embeddable":true,"href":"https:\/\/sertv.gob.pa\/crisolfm\/wp-json\/wp\/v2\/media\/10214"}],"wp:attachment":[{"href":"https:\/\/sertv.gob.pa\/crisolfm\/wp-json\/wp\/v2\/media?parent=10213"}],"wp:term":[{"taxonomy":"category","embeddable":true,"href":"https:\/\/sertv.gob.pa\/crisolfm\/wp-json\/wp\/v2\/categories?post=10213"},{"taxonomy":"post_tag","embeddable":true,"href":"https:\/\/sertv.gob.pa\/crisolfm\/wp-json\/wp\/v2\/tags?post=10213"}],"curies":[{"name":"wp","href":"https:\/\/api.w.org\/{rel}","templated":true}]}}