{"id":10233,"date":"2017-12-11T16:06:42","date_gmt":"2017-12-11T16:06:42","guid":{"rendered":""},"modified":"2017-12-11T16:06:42","modified_gmt":"2017-12-11T16:06:42","slug":"alcaldes-firman-declaracion-de-cambio-climatico","status":"publish","type":"post","link":"https:\/\/sertv.gob.pa\/crisolfm\/alcaldes-firman-declaracion-de-cambio-climatico\/","title":{"rendered":"Alcaldes firman declaraci\u00f3n de cambio clim\u00e1tico"},"content":{"rendered":"<p>\nLos alcaldes y representantes de los gobiernos locales de los pa\u00edses mesoamericanos se reunieron en Panam\u00e1 el 6 y 7 de diciembre, para compartir sus experiencias a trav\u00e9s de exposiciones y talleres con el fin de unir esfuerzos para combatir el cambio clim\u00e1tico. <\/p>\n<p>Como resultado, firmaron la Declaraci\u00f3n de Panam\u00e1, donde se plasma el compromiso de trabajar en el cumplimiento de los objetivos del Acuerdo de Par\u00eds, donde cada administraci\u00f3n municipal promover\u00e1 dentro de sus competencias y \u00e1reas los distintos m\u00e9todos y acciones para combatir del calentamiento global y lograr ciudades sostenibles. <\/p>\n<p>\u00a0 <\/p>\n","protected":false},"excerpt":{"rendered":"<p>Los alcaldes y representantes de los gobiernos locales de los <a href=\"https:\/\/sertv.gob.pa\/crisolfm\/alcaldes-firman-declaracion-de-cambio-climatico\/\"> [&#8230;]<\/a><\/p>\n","protected":false},"author":1,"featured_media":10234,"comment_status":"closed","ping_status":"closed","sticky":false,"template":"","format":"standard","meta":{"footnotes":""},"categories":[7],"tags":[],"class_list":["post-10233","post","type-post","status-publish","format-standard","has-post-thumbnail","hentry","category-ecologicas"],"_links":{"self":[{"href":"https:\/\/sertv.gob.pa\/crisolfm\/wp-json\/wp\/v2\/posts\/10233","targetHints":{"allow":["GET"]}}],"collection":[{"href":"https:\/\/sertv.gob.pa\/crisolfm\/wp-json\/wp\/v2\/posts"}],"about":[{"href":"https:\/\/sertv.gob.pa\/crisolfm\/wp-json\/wp\/v2\/types\/post"}],"author":[{"embeddable":true,"href":"https:\/\/sertv.gob.pa\/crisolfm\/wp-json\/wp\/v2\/users\/1"}],"replies":[{"embeddable":true,"href":"https:\/\/sertv.gob.pa\/crisolfm\/wp-json\/wp\/v2\/comments?post=10233"}],"version-history":[{"count":0,"href":"https:\/\/sertv.gob.pa\/crisolfm\/wp-json\/wp\/v2\/posts\/10233\/revisions"}],"wp:featuredmedia":[{"embeddable":true,"href":"https:\/\/sertv.gob.pa\/crisolfm\/wp-json\/wp\/v2\/media\/10234"}],"wp:attachment":[{"href":"https:\/\/sertv.gob.pa\/crisolfm\/wp-json\/wp\/v2\/media?parent=10233"}],"wp:term":[{"taxonomy":"category","embeddable":true,"href":"https:\/\/sertv.gob.pa\/crisolfm\/wp-json\/wp\/v2\/categories?post=10233"},{"taxonomy":"post_tag","embeddable":true,"href":"https:\/\/sertv.gob.pa\/crisolfm\/wp-json\/wp\/v2\/tags?post=10233"}],"curies":[{"name":"wp","href":"https:\/\/api.w.org\/{rel}","templated":true}]}}