{"id":10235,"date":"2017-12-11T16:10:46","date_gmt":"2017-12-11T16:10:46","guid":{"rendered":""},"modified":"2017-12-11T16:10:46","modified_gmt":"2017-12-11T16:10:46","slug":"solicitan-censurar-paginas-de-traficantes-de-personas","status":"publish","type":"post","link":"https:\/\/sertv.gob.pa\/crisolfm\/solicitan-censurar-paginas-de-traficantes-de-personas\/","title":{"rendered":"Solicitan censurar p\u00e1ginas de traficantes de personas"},"content":{"rendered":"<p>\nLa Organizaci\u00f3n Internacional de las Migraciones (OIM) solicit\u00f3 a Facebook y a otras redes sociales que censuren las p\u00e1ginas que usan los traficantes de personas para atraer j\u00f3venes despose\u00eddos e incitarles a la inmigraci\u00f3n ilegal. <\/p>\n<p>\u00abHacemos un llamamiento a las redes sociales para que asuman su responsabilidad y acepten que sus plataformas act\u00faan muchas veces en detrimento de j\u00f3venes africanos vulnerables de \u00c1frica del oeste\u00bb, se\u00f1al\u00f3 el portavoz de la OIM, Leonard Doyle, en rueda de prensa. <\/p>\n<p>Record\u00f3 que los traficantes de personas utilizan las redes sociales no solo para atraer a los j\u00f3venes \u00absino tambi\u00e9n para enviarles a sus familias v\u00eddeos de las torturas que someten\u00bb. Consultado sobre si han negociado con dichas plataformas, Doyle respondi\u00f3 que \u00abhan mantenido conversaciones\u00bb. <\/p>\n<p>\u00abHemos intentado abrir un canal de comunicaci\u00f3n con ellos, pero por alguna raz\u00f3n ellos no dan prioridad al tema de enormes violaciones de derechos humanos en \u00c1frica\u00bb, agreg\u00f3. <\/p>\n<p>Doyle a\u00f1adi\u00f3 adem\u00e1s, que la respuesta que han obtenido de esas plataformas es solicitar a la OIM que le indique cu\u00e1les son dichas p\u00e1ginas. <\/p>\n<p>\u00abNosotros no somos la polic\u00eda para se\u00f1alar nada a nadie. Pero si ellos bloquean las p\u00e1ginas pornogr\u00e1ficas, \u00bfporque no hacen lo mismo con las de tr\u00e1fico de personas?\u00bb, se pregunt\u00f3.\u00a0 <\/p>\n<p>\u00a0 <\/p>\n","protected":false},"excerpt":{"rendered":"<p>La Organizaci\u00f3n Internacional de las Migraciones (OIM) solicit\u00f3 a Facebook <a href=\"https:\/\/sertv.gob.pa\/crisolfm\/solicitan-censurar-paginas-de-traficantes-de-personas\/\"> [&#8230;]<\/a><\/p>\n","protected":false},"author":1,"featured_media":10236,"comment_status":"closed","ping_status":"closed","sticky":false,"template":"","format":"standard","meta":{"footnotes":""},"categories":[9],"tags":[],"class_list":["post-10235","post","type-post","status-publish","format-standard","has-post-thumbnail","hentry","category-varios"],"_links":{"self":[{"href":"https:\/\/sertv.gob.pa\/crisolfm\/wp-json\/wp\/v2\/posts\/10235","targetHints":{"allow":["GET"]}}],"collection":[{"href":"https:\/\/sertv.gob.pa\/crisolfm\/wp-json\/wp\/v2\/posts"}],"about":[{"href":"https:\/\/sertv.gob.pa\/crisolfm\/wp-json\/wp\/v2\/types\/post"}],"author":[{"embeddable":true,"href":"https:\/\/sertv.gob.pa\/crisolfm\/wp-json\/wp\/v2\/users\/1"}],"replies":[{"embeddable":true,"href":"https:\/\/sertv.gob.pa\/crisolfm\/wp-json\/wp\/v2\/comments?post=10235"}],"version-history":[{"count":0,"href":"https:\/\/sertv.gob.pa\/crisolfm\/wp-json\/wp\/v2\/posts\/10235\/revisions"}],"wp:featuredmedia":[{"embeddable":true,"href":"https:\/\/sertv.gob.pa\/crisolfm\/wp-json\/wp\/v2\/media\/10236"}],"wp:attachment":[{"href":"https:\/\/sertv.gob.pa\/crisolfm\/wp-json\/wp\/v2\/media?parent=10235"}],"wp:term":[{"taxonomy":"category","embeddable":true,"href":"https:\/\/sertv.gob.pa\/crisolfm\/wp-json\/wp\/v2\/categories?post=10235"},{"taxonomy":"post_tag","embeddable":true,"href":"https:\/\/sertv.gob.pa\/crisolfm\/wp-json\/wp\/v2\/tags?post=10235"}],"curies":[{"name":"wp","href":"https:\/\/api.w.org\/{rel}","templated":true}]}}