{"id":10243,"date":"2017-12-11T19:09:43","date_gmt":"2017-12-11T19:09:43","guid":{"rendered":""},"modified":"2017-12-11T19:09:43","modified_gmt":"2017-12-11T19:09:43","slug":"oso-polar-a-punto-de-morir-conmueve-al-mundo","status":"publish","type":"post","link":"https:\/\/sertv.gob.pa\/crisolfm\/oso-polar-a-punto-de-morir-conmueve-al-mundo\/","title":{"rendered":"Oso polar a punto de morir conmueve al mundo"},"content":{"rendered":"<p>\nEl equipo de conservaci\u00f3n del Sea Legacy film\u00f3 a un oso polar en estado demacrado y claramente desnutrido en Canad\u00e1 y no contuvo las l\u00e1grimas mientras documentaba el duro momento. <\/p>\n<p>\u00abNos quedamos all\u00ed llorando, filmando con l\u00e1grimas rodando por nuestras mejillas\u00bb, afirm\u00f3 el fot\u00f3grafo Paul Nicklen al National Geographic. <\/p>\n<p>El artista comparti\u00f3 las duras im\u00e1genes en su cuenta de Instagram para generar conciencia sobre el calentamiento global: \u00abAs\u00ed se ve el hambre. Los m\u00fasculos se atrofian. Sin energ\u00eda. Es una muerte lenta y dolorosa\u00bb. <\/p>\n<p>Asegur\u00f3 que a las pocas horas o d\u00edas de la filmaci\u00f3n el oso iba a morir. <\/p>\n<p>Las im\u00e1genes causaron indignaci\u00f3n entre los usuarios de Internet ya que cuestionaron la actitud del equipo que film\u00f3 al animal porque se\u00f1alaron que prefiri\u00f3 hacer el documental en lugar de ayudarlo. <\/p>\n<p>Nicklen sali\u00f3 al cruce de las cr\u00edticas y explic\u00f3 que el equipo tuvo que elegir entre salvar a un solo oso o denunciar el dolor que sufren los 25 mil osos polares en el mundo. <\/p>\n<p>\u00a0 <\/p>\n","protected":false},"excerpt":{"rendered":"<p>El equipo de conservaci\u00f3n del Sea Legacy film\u00f3 a un <a href=\"https:\/\/sertv.gob.pa\/crisolfm\/oso-polar-a-punto-de-morir-conmueve-al-mundo\/\"> [&#8230;]<\/a><\/p>\n","protected":false},"author":1,"featured_media":10244,"comment_status":"closed","ping_status":"closed","sticky":false,"template":"","format":"standard","meta":{"footnotes":""},"categories":[7],"tags":[],"class_list":["post-10243","post","type-post","status-publish","format-standard","has-post-thumbnail","hentry","category-ecologicas"],"_links":{"self":[{"href":"https:\/\/sertv.gob.pa\/crisolfm\/wp-json\/wp\/v2\/posts\/10243","targetHints":{"allow":["GET"]}}],"collection":[{"href":"https:\/\/sertv.gob.pa\/crisolfm\/wp-json\/wp\/v2\/posts"}],"about":[{"href":"https:\/\/sertv.gob.pa\/crisolfm\/wp-json\/wp\/v2\/types\/post"}],"author":[{"embeddable":true,"href":"https:\/\/sertv.gob.pa\/crisolfm\/wp-json\/wp\/v2\/users\/1"}],"replies":[{"embeddable":true,"href":"https:\/\/sertv.gob.pa\/crisolfm\/wp-json\/wp\/v2\/comments?post=10243"}],"version-history":[{"count":0,"href":"https:\/\/sertv.gob.pa\/crisolfm\/wp-json\/wp\/v2\/posts\/10243\/revisions"}],"wp:featuredmedia":[{"embeddable":true,"href":"https:\/\/sertv.gob.pa\/crisolfm\/wp-json\/wp\/v2\/media\/10244"}],"wp:attachment":[{"href":"https:\/\/sertv.gob.pa\/crisolfm\/wp-json\/wp\/v2\/media?parent=10243"}],"wp:term":[{"taxonomy":"category","embeddable":true,"href":"https:\/\/sertv.gob.pa\/crisolfm\/wp-json\/wp\/v2\/categories?post=10243"},{"taxonomy":"post_tag","embeddable":true,"href":"https:\/\/sertv.gob.pa\/crisolfm\/wp-json\/wp\/v2\/tags?post=10243"}],"curies":[{"name":"wp","href":"https:\/\/api.w.org\/{rel}","templated":true}]}}