{"id":10247,"date":"2017-12-12T16:12:49","date_gmt":"2017-12-12T16:12:49","guid":{"rendered":""},"modified":"2017-12-12T16:12:49","modified_gmt":"2017-12-12T16:12:49","slug":"francia-celebra-la-cumbre-del-cambio-climatico","status":"publish","type":"post","link":"https:\/\/sertv.gob.pa\/crisolfm\/francia-celebra-la-cumbre-del-cambio-climatico\/","title":{"rendered":"Francia celebra la cumbre del cambio clim\u00e1tico"},"content":{"rendered":"<p>\nHoy en Paris se han reunido los l\u00edderes pol\u00edticos y representantes de las principales organizaciones internacionales en la Cumbre Un Planeta para tratar \u00abla emergencia ecol\u00f3gica\u00bb y acelerar las acciones clim\u00e1ticas internacionales. <\/p>\n<p>La cumbre, de un d\u00eda de duraci\u00f3n, est\u00e1 organizada por Francia, la ONU y el Banco Mundial con apoyo de la Convenci\u00f3n Marco de las Naciones Unidas sobre el Cambio Clim\u00e1tico (CMNUCC) y se centra en buscar formas de innovar en la financiaci\u00f3n p\u00fablica y privada a fin de respaldar y acelerar los esfuerzos conjuntos para luchar contra el cambio clim\u00e1tico. <\/p>\n<p>El evento, que tiene lugar justo dos a\u00f1os luego de la aprobaci\u00f3n del acuerdo clim\u00e1tico de Par\u00eds, fue anunciado durante la Cumbre del G20 de julio en Hamburgo por Emmanuel Macron, presidente de Francia. <\/p>\n<p>En las cuatro mesas redonda de la ma\u00f1ana participan m\u00e1s de 50 representantes de organizaciones no gubernamentales y empresas, inversores, funcionarios y actores locales para identificar y aplicar soluciones tangibles y hacer posible su pr\u00e1ctica a gran escala, especialmente en los pa\u00edses m\u00e1s vulnerables, movilizando fondos p\u00fablicos y privados. <\/p>\n<p>Por la tarde, los participantes van a discutir los tres temas principales de la cumbre: adaptaci\u00f3n, mitigaci\u00f3n y movilizaci\u00f3n. Cada una de las secciones estar\u00e1 moderada por uno de los tres co-organizadores: Antonio Guterres, secretario general de la ONU, Jim Yong Kim, presidente del Banco Mundial, y Macron. <\/p>\n<p>El 12 de diciembre de 2015, los 196 integrantes de la CMNUCC aprobaron el hist\u00f3rico Acuerdo de Par\u00eds, destinado a disminuir la emisi\u00f3n de gases de efecto invernadero y limitar el aumento de la temperatura a no m\u00e1s de 2 grados sobre los niveles preindustriales. <\/p>\n<p>\u00a0 <\/p>\n","protected":false},"excerpt":{"rendered":"<p>Hoy en Paris se han reunido los l\u00edderes pol\u00edticos y <a href=\"https:\/\/sertv.gob.pa\/crisolfm\/francia-celebra-la-cumbre-del-cambio-climatico\/\"> [&#8230;]<\/a><\/p>\n","protected":false},"author":1,"featured_media":10248,"comment_status":"closed","ping_status":"closed","sticky":false,"template":"","format":"standard","meta":{"footnotes":""},"categories":[7],"tags":[],"class_list":["post-10247","post","type-post","status-publish","format-standard","has-post-thumbnail","hentry","category-ecologicas"],"_links":{"self":[{"href":"https:\/\/sertv.gob.pa\/crisolfm\/wp-json\/wp\/v2\/posts\/10247","targetHints":{"allow":["GET"]}}],"collection":[{"href":"https:\/\/sertv.gob.pa\/crisolfm\/wp-json\/wp\/v2\/posts"}],"about":[{"href":"https:\/\/sertv.gob.pa\/crisolfm\/wp-json\/wp\/v2\/types\/post"}],"author":[{"embeddable":true,"href":"https:\/\/sertv.gob.pa\/crisolfm\/wp-json\/wp\/v2\/users\/1"}],"replies":[{"embeddable":true,"href":"https:\/\/sertv.gob.pa\/crisolfm\/wp-json\/wp\/v2\/comments?post=10247"}],"version-history":[{"count":0,"href":"https:\/\/sertv.gob.pa\/crisolfm\/wp-json\/wp\/v2\/posts\/10247\/revisions"}],"wp:featuredmedia":[{"embeddable":true,"href":"https:\/\/sertv.gob.pa\/crisolfm\/wp-json\/wp\/v2\/media\/10248"}],"wp:attachment":[{"href":"https:\/\/sertv.gob.pa\/crisolfm\/wp-json\/wp\/v2\/media?parent=10247"}],"wp:term":[{"taxonomy":"category","embeddable":true,"href":"https:\/\/sertv.gob.pa\/crisolfm\/wp-json\/wp\/v2\/categories?post=10247"},{"taxonomy":"post_tag","embeddable":true,"href":"https:\/\/sertv.gob.pa\/crisolfm\/wp-json\/wp\/v2\/tags?post=10247"}],"curies":[{"name":"wp","href":"https:\/\/api.w.org\/{rel}","templated":true}]}}