{"id":10271,"date":"2017-12-14T16:28:58","date_gmt":"2017-12-14T16:28:58","guid":{"rendered":""},"modified":"2017-12-14T16:28:58","modified_gmt":"2017-12-14T16:28:58","slug":"exvicepresidente-de-facebook-asegura-que-la-red-destruye-la-sociedad","status":"publish","type":"post","link":"https:\/\/sertv.gob.pa\/crisolfm\/exvicepresidente-de-facebook-asegura-que-la-red-destruye-la-sociedad\/","title":{"rendered":"Exvicepresidente de Facebook asegura que la red destruye la sociedad"},"content":{"rendered":"<p>\n Chamanth Palihapitiya , exvicepresidente de la compa\u00f1\u00eda  Facebook , critic\u00f3 a la red social en una conferencia de prensa, efectuada en la escuela de negocios de Stanford. <\/p>\n<p>Palihapitiya quien labor\u00f3 durante 6 a\u00f1os en  Facebook , resalt\u00f3 que las herramientas que crearon, est\u00e1n  destruyendo la sociedad, \u00a0\u00abEn este momento la gente tiene que tratar de desconectarse de los circuitos que se han creado en las redes sociales. No hay discusiones civilizadas, no hay cooperaci\u00f3n, hay desinformaci\u00f3n y noticias falsas. Y no es un problema de Estados Unidos con Rusia, sino un problema global\u00bb, agreg\u00f3. <\/p>\n<p>El excolaborador explic\u00f3 que las redes sociales solo sirven para programarnos el cerebro, y cuestion\u00f3 la satisfacci\u00f3n que tienen los usuarios cuando alguien les da \u00abme gusta\u00bb a sus fotograf\u00edas o publicaciones. <\/p>\n<p>Por su parte, Sean Parker, uno de los fundadores de Facebook, destac\u00f3 que cuando iniciaron la empresa pensaron en \u00abutilizar la vulnerabilidad de la psicolog\u00eda humana\u00bb para crear una plataforma que genere adicci\u00f3n. <\/p>\n<p>\u00a0 <\/p>\n<p>\u00a0 <\/p>\n","protected":false},"excerpt":{"rendered":"<p>Chamanth Palihapitiya , exvicepresidente de la compa\u00f1\u00eda Facebook , critic\u00f3 <a href=\"https:\/\/sertv.gob.pa\/crisolfm\/exvicepresidente-de-facebook-asegura-que-la-red-destruye-la-sociedad\/\"> [&#8230;]<\/a><\/p>\n","protected":false},"author":1,"featured_media":10272,"comment_status":"closed","ping_status":"closed","sticky":false,"template":"","format":"standard","meta":{"footnotes":""},"categories":[9],"tags":[],"class_list":["post-10271","post","type-post","status-publish","format-standard","has-post-thumbnail","hentry","category-varios"],"_links":{"self":[{"href":"https:\/\/sertv.gob.pa\/crisolfm\/wp-json\/wp\/v2\/posts\/10271","targetHints":{"allow":["GET"]}}],"collection":[{"href":"https:\/\/sertv.gob.pa\/crisolfm\/wp-json\/wp\/v2\/posts"}],"about":[{"href":"https:\/\/sertv.gob.pa\/crisolfm\/wp-json\/wp\/v2\/types\/post"}],"author":[{"embeddable":true,"href":"https:\/\/sertv.gob.pa\/crisolfm\/wp-json\/wp\/v2\/users\/1"}],"replies":[{"embeddable":true,"href":"https:\/\/sertv.gob.pa\/crisolfm\/wp-json\/wp\/v2\/comments?post=10271"}],"version-history":[{"count":0,"href":"https:\/\/sertv.gob.pa\/crisolfm\/wp-json\/wp\/v2\/posts\/10271\/revisions"}],"wp:featuredmedia":[{"embeddable":true,"href":"https:\/\/sertv.gob.pa\/crisolfm\/wp-json\/wp\/v2\/media\/10272"}],"wp:attachment":[{"href":"https:\/\/sertv.gob.pa\/crisolfm\/wp-json\/wp\/v2\/media?parent=10271"}],"wp:term":[{"taxonomy":"category","embeddable":true,"href":"https:\/\/sertv.gob.pa\/crisolfm\/wp-json\/wp\/v2\/categories?post=10271"},{"taxonomy":"post_tag","embeddable":true,"href":"https:\/\/sertv.gob.pa\/crisolfm\/wp-json\/wp\/v2\/tags?post=10271"}],"curies":[{"name":"wp","href":"https:\/\/api.w.org\/{rel}","templated":true}]}}