{"id":10317,"date":"2017-12-20T17:00:53","date_gmt":"2017-12-20T17:00:53","guid":{"rendered":""},"modified":"2017-12-20T17:00:53","modified_gmt":"2017-12-20T17:00:53","slug":"facebook-evitara-el-robo-de-identidad","status":"publish","type":"post","link":"https:\/\/sertv.gob.pa\/crisolfm\/facebook-evitara-el-robo-de-identidad\/","title":{"rendered":"Facebook evitar\u00e1 el robo de identidad"},"content":{"rendered":"<p>\nLos directivos de Facebook anunciaron que a\u00f1adieron un mecanismo para que los usuarios sepan cu\u00e1ndo aparecen sus fotograf\u00edas en alg\u00fan sitio de la red social, que no es de su propiedad.<br \/>\nLas notificaciones depender\u00e1n de nuevas herramientas opcionales que funcionan a trav\u00e9s de procesos de reconocimiento facial. <\/p>\n<p>Los usuarios tendr\u00e1n ahora la posibilidad de ser informados cuando sus im\u00e1genes aparezcan en la red social, seg\u00fan el director de aprendizaje autom\u00e1tico aplicado Joaqu\u00edn Candela. <\/p>\n<p>&ldquo;Si est\u00e1s en una foto y eres parte de la audiencia de ese post, te notificaremos aunque no hayas sido etiquetado&rdquo;, explica Candela. <\/p>\n","protected":false},"excerpt":{"rendered":"<p>Los directivos de Facebook anunciaron que a\u00f1adieron un mecanismo para <a href=\"https:\/\/sertv.gob.pa\/crisolfm\/facebook-evitara-el-robo-de-identidad\/\"> [&#8230;]<\/a><\/p>\n","protected":false},"author":1,"featured_media":10318,"comment_status":"closed","ping_status":"closed","sticky":false,"template":"","format":"standard","meta":{"footnotes":""},"categories":[9],"tags":[],"class_list":["post-10317","post","type-post","status-publish","format-standard","has-post-thumbnail","hentry","category-varios"],"_links":{"self":[{"href":"https:\/\/sertv.gob.pa\/crisolfm\/wp-json\/wp\/v2\/posts\/10317","targetHints":{"allow":["GET"]}}],"collection":[{"href":"https:\/\/sertv.gob.pa\/crisolfm\/wp-json\/wp\/v2\/posts"}],"about":[{"href":"https:\/\/sertv.gob.pa\/crisolfm\/wp-json\/wp\/v2\/types\/post"}],"author":[{"embeddable":true,"href":"https:\/\/sertv.gob.pa\/crisolfm\/wp-json\/wp\/v2\/users\/1"}],"replies":[{"embeddable":true,"href":"https:\/\/sertv.gob.pa\/crisolfm\/wp-json\/wp\/v2\/comments?post=10317"}],"version-history":[{"count":0,"href":"https:\/\/sertv.gob.pa\/crisolfm\/wp-json\/wp\/v2\/posts\/10317\/revisions"}],"wp:featuredmedia":[{"embeddable":true,"href":"https:\/\/sertv.gob.pa\/crisolfm\/wp-json\/wp\/v2\/media\/10318"}],"wp:attachment":[{"href":"https:\/\/sertv.gob.pa\/crisolfm\/wp-json\/wp\/v2\/media?parent=10317"}],"wp:term":[{"taxonomy":"category","embeddable":true,"href":"https:\/\/sertv.gob.pa\/crisolfm\/wp-json\/wp\/v2\/categories?post=10317"},{"taxonomy":"post_tag","embeddable":true,"href":"https:\/\/sertv.gob.pa\/crisolfm\/wp-json\/wp\/v2\/tags?post=10317"}],"curies":[{"name":"wp","href":"https:\/\/api.w.org\/{rel}","templated":true}]}}