{"id":10321,"date":"2017-12-20T18:17:06","date_gmt":"2017-12-20T18:17:06","guid":{"rendered":""},"modified":"2017-12-20T18:17:06","modified_gmt":"2017-12-20T18:17:06","slug":"chiriqui-sacudida-por-sismo-de-2-2-en-la-escala-de-richter","status":"publish","type":"post","link":"https:\/\/sertv.gob.pa\/crisolfm\/chiriqui-sacudida-por-sismo-de-2-2-en-la-escala-de-richter\/","title":{"rendered":"Chiriqu\u00ed sacudida por sismo de 2.2 en la escala de Richter"},"content":{"rendered":"<p>\nUn sismo de magnitud 2,2 en la escala de Richter sacudi\u00f3 hoy la provincia occidental de Chiriqu\u00ed, sin ocasionar v\u00edctimas ni da\u00f1os, inform\u00f3 el Instituto de Geociencias de Panam\u00e1 (IGC). <\/p>\n<p>El sismo ocurri\u00f3 a las 05:10 hora local (10:10 GMT), a pocos kil\u00f3metros de la frontera con Costa Rica y a 25 kil\u00f3metros al oeste noroeste de Volc\u00e1n. <\/p>\n<p>La profundidad de sismo fue de 19,9 kil\u00f3metros, seg\u00fan el IGC, que no report\u00f3 incidentes a ra\u00edz del movimiento tel\u00farico. <\/p>\n<p>\u00a0 <\/p>\n","protected":false},"excerpt":{"rendered":"<p>Un sismo de magnitud 2,2 en la escala de Richter <a href=\"https:\/\/sertv.gob.pa\/crisolfm\/chiriqui-sacudida-por-sismo-de-2-2-en-la-escala-de-richter\/\"> [&#8230;]<\/a><\/p>\n","protected":false},"author":1,"featured_media":10322,"comment_status":"closed","ping_status":"closed","sticky":false,"template":"","format":"standard","meta":{"footnotes":""},"categories":[7],"tags":[],"class_list":["post-10321","post","type-post","status-publish","format-standard","has-post-thumbnail","hentry","category-ecologicas"],"_links":{"self":[{"href":"https:\/\/sertv.gob.pa\/crisolfm\/wp-json\/wp\/v2\/posts\/10321","targetHints":{"allow":["GET"]}}],"collection":[{"href":"https:\/\/sertv.gob.pa\/crisolfm\/wp-json\/wp\/v2\/posts"}],"about":[{"href":"https:\/\/sertv.gob.pa\/crisolfm\/wp-json\/wp\/v2\/types\/post"}],"author":[{"embeddable":true,"href":"https:\/\/sertv.gob.pa\/crisolfm\/wp-json\/wp\/v2\/users\/1"}],"replies":[{"embeddable":true,"href":"https:\/\/sertv.gob.pa\/crisolfm\/wp-json\/wp\/v2\/comments?post=10321"}],"version-history":[{"count":0,"href":"https:\/\/sertv.gob.pa\/crisolfm\/wp-json\/wp\/v2\/posts\/10321\/revisions"}],"wp:featuredmedia":[{"embeddable":true,"href":"https:\/\/sertv.gob.pa\/crisolfm\/wp-json\/wp\/v2\/media\/10322"}],"wp:attachment":[{"href":"https:\/\/sertv.gob.pa\/crisolfm\/wp-json\/wp\/v2\/media?parent=10321"}],"wp:term":[{"taxonomy":"category","embeddable":true,"href":"https:\/\/sertv.gob.pa\/crisolfm\/wp-json\/wp\/v2\/categories?post=10321"},{"taxonomy":"post_tag","embeddable":true,"href":"https:\/\/sertv.gob.pa\/crisolfm\/wp-json\/wp\/v2\/tags?post=10321"}],"curies":[{"name":"wp","href":"https:\/\/api.w.org\/{rel}","templated":true}]}}