{"id":10401,"date":"2018-01-02T18:30:48","date_gmt":"2018-01-02T18:30:48","guid":{"rendered":""},"modified":"2018-01-02T18:30:48","modified_gmt":"2018-01-02T18:30:48","slug":"restringen-redes-sociales-para-controlar-protestas","status":"publish","type":"post","link":"https:\/\/sertv.gob.pa\/crisolfm\/restringen-redes-sociales-para-controlar-protestas\/","title":{"rendered":"Restringen redes sociales para controlar protestas"},"content":{"rendered":"<p>\nLas autoridades iran\u00edes cortaron el domingo totalmente el acceso a las redes sociales, luego de las manifestaciones de protesta que se realizaron en distintas ciudades del pa\u00eds contra las pol\u00edticas econ\u00f3micas del Gobierno. <\/p>\n<p>El viceministro iran\u00ed del Interior para temas pol\u00edticos, Esma\u00edl Yabarzade, expres\u00f3 que \u00abcuando hay alg\u00fan conflicto, es natural el uso de algunas herramientas para controlar las concentraciones ilegales\u00bb, inform\u00f3 la agencia oficial iran\u00ed de noticias, IRNA. <\/p>\n<p>Yabarzade aclar\u00f3 que esta medida se aplicar\u00e1 por un tiempo y es circunstancial. <\/p>\n<p>\u00abEstas decisiones son temporales\u00bb dijo Yabarzade, quien asegur\u00f3 que \u00abel Gobierno no tiene la intenci\u00f3n de cerrar las redes sociales\u00bb de manera permanente. <\/p>\n<p>La red social de Telegram e Instagram, que funcionaban mal y con cortes, acabaron de dejar de funcionar totalmente, y adem\u00e1s la conexi\u00f3n al internet no va con normalidad. <\/p>\n<p>Casi todos los llamamientos a participar en las protestas se han llevado a cabo por redes sociales. <\/p>\n<p>Asimismo, Yabarzade explic\u00f3 que Ir\u00e1n est\u00e1 investigando qui\u00e9nes est\u00e1n detr\u00e1s de estos acontecimientos y agreg\u00f3: \u00abLa caja negra de los recientes acontecimientos est\u00e1 bajo revisi\u00f3n y todav\u00eda no han acabado las investigaciones\u00bb.\u00a0 <\/p>\n","protected":false},"excerpt":{"rendered":"<p>Las autoridades iran\u00edes cortaron el domingo totalmente el acceso a <a href=\"https:\/\/sertv.gob.pa\/crisolfm\/restringen-redes-sociales-para-controlar-protestas\/\"> [&#8230;]<\/a><\/p>\n","protected":false},"author":1,"featured_media":10402,"comment_status":"closed","ping_status":"closed","sticky":false,"template":"","format":"standard","meta":{"footnotes":""},"categories":[9],"tags":[],"class_list":["post-10401","post","type-post","status-publish","format-standard","has-post-thumbnail","hentry","category-varios"],"_links":{"self":[{"href":"https:\/\/sertv.gob.pa\/crisolfm\/wp-json\/wp\/v2\/posts\/10401","targetHints":{"allow":["GET"]}}],"collection":[{"href":"https:\/\/sertv.gob.pa\/crisolfm\/wp-json\/wp\/v2\/posts"}],"about":[{"href":"https:\/\/sertv.gob.pa\/crisolfm\/wp-json\/wp\/v2\/types\/post"}],"author":[{"embeddable":true,"href":"https:\/\/sertv.gob.pa\/crisolfm\/wp-json\/wp\/v2\/users\/1"}],"replies":[{"embeddable":true,"href":"https:\/\/sertv.gob.pa\/crisolfm\/wp-json\/wp\/v2\/comments?post=10401"}],"version-history":[{"count":0,"href":"https:\/\/sertv.gob.pa\/crisolfm\/wp-json\/wp\/v2\/posts\/10401\/revisions"}],"wp:featuredmedia":[{"embeddable":true,"href":"https:\/\/sertv.gob.pa\/crisolfm\/wp-json\/wp\/v2\/media\/10402"}],"wp:attachment":[{"href":"https:\/\/sertv.gob.pa\/crisolfm\/wp-json\/wp\/v2\/media?parent=10401"}],"wp:term":[{"taxonomy":"category","embeddable":true,"href":"https:\/\/sertv.gob.pa\/crisolfm\/wp-json\/wp\/v2\/categories?post=10401"},{"taxonomy":"post_tag","embeddable":true,"href":"https:\/\/sertv.gob.pa\/crisolfm\/wp-json\/wp\/v2\/tags?post=10401"}],"curies":[{"name":"wp","href":"https:\/\/api.w.org\/{rel}","templated":true}]}}