{"id":10419,"date":"2018-01-03T19:43:23","date_gmt":"2018-01-03T19:43:23","guid":{"rendered":""},"modified":"2018-01-03T19:43:23","modified_gmt":"2018-01-03T19:43:23","slug":"facebook-tendra-un-ejercito-de-20-000-revisores-en-2018","status":"publish","type":"post","link":"https:\/\/sertv.gob.pa\/crisolfm\/facebook-tendra-un-ejercito-de-20-000-revisores-en-2018\/","title":{"rendered":"Facebook tendr\u00e1 un ej\u00e9rcito de 20.000 revisores en 2018"},"content":{"rendered":"<p>\nFacebook  mejorar\u00e1 su sistema de revisi\u00f3n  de publicaciones que  promueven el odio o la intolerancia , despu\u00e9s de que varios usuarios  alertasen al portal ProPublica  de que la red social hab\u00eda ignorado varias solicitudes de retirada de la plataforma de contenidos que  criticaban o incitaban a la violencia  contra personas de determinadas razas o creencias. <\/p>\n<p>El citado medio envi\u00f3 a Facebook una muestra de 49 publicaciones intolerantes que eran parte de un  conjunto de m\u00e1s de 900 &#8216;posts&#8217;  remitidos por sus lectores. Todos ellos incumpl\u00edan, supuestamente, las normas de uso de la red social, pero sus revisores hab\u00edan declinado retirarlos de la plataforma a pesar de las peticiones de varios usuarios. <\/p>\n<p>De estas 49 publicaciones,  Facebook reconoci\u00f3 errores de criterio en 22, mientras defendi\u00f3 la postura de los analistas en otras 19 . En las restantes, la compa\u00f1\u00eda justific\u00f3 su decisi\u00f3n en base a una incorrecta notificaci\u00f3n por parte de los usuarios denunciantes (seis) o a la ausencia de informaci\u00f3n suficiente para tomar una decisi\u00f3n (dos). <\/p>\n<p>No obstante, el vicepresidente de la red social,  Justin Osofsky , ha  pedido disculpas por los \u00aberrores\u00bb cometidos  en el proceso de revisi\u00f3n de pertinencia de los contenidos a trav\u00e9s de un comunicado recogido por ProPublica, al tiempo que ha reconocido que la  compa\u00f1\u00eda debe \u00abhacerlo mejor\u00bb , para lo que prev\u00e9  incrementar a 20.000 el n\u00famero de trabajadores  de su equipo de seguridad en 2018, duplicando su actual plantilla. <\/p>\n<p>Las directrices de Facebook precisan que el contenido que muestra sesgo contra un determinado grupo, pero carece de un lenguaje  expl\u00edcitamente hostil o denigrante , permanece como p\u00fablico, incluso cuando emplea el sarcasmo o las burlas. Seg\u00fan el citado portal, la red social distingue entre siete tipos de ataque  considerados como discurso de odio : llamada a la exclusi\u00f3n, incitaci\u00f3n a la violencia, promoci\u00f3n de la segregaci\u00f3n, generalizaci\u00f3n denigrante, desprecio, maldici\u00f3n y calumnia. <\/p>\n<p>Los contenidos enviados por ProPublica a Facebook mostraban  im\u00e1genes expl\u00edcitas de cad\u00e1veres y mensajes islam\u00f3fobos, racistas y machistas . El portal tambi\u00e9n ha criticado la censura de Facebook a im\u00e1genes que mostraban la esv\u00e1stica nazi, pero iban acompa\u00f1adas de mensajes en contra de esta ideolog\u00eda. <\/p>\n<p>\u00a0 <\/p>\n<p>\u00a0 <\/p>\n","protected":false},"excerpt":{"rendered":"<p>Facebook mejorar\u00e1 su sistema de revisi\u00f3n de publicaciones que promueven <a href=\"https:\/\/sertv.gob.pa\/crisolfm\/facebook-tendra-un-ejercito-de-20-000-revisores-en-2018\/\"> [&#8230;]<\/a><\/p>\n","protected":false},"author":1,"featured_media":10420,"comment_status":"closed","ping_status":"closed","sticky":false,"template":"","format":"standard","meta":{"footnotes":""},"categories":[9],"tags":[],"class_list":["post-10419","post","type-post","status-publish","format-standard","has-post-thumbnail","hentry","category-varios"],"_links":{"self":[{"href":"https:\/\/sertv.gob.pa\/crisolfm\/wp-json\/wp\/v2\/posts\/10419","targetHints":{"allow":["GET"]}}],"collection":[{"href":"https:\/\/sertv.gob.pa\/crisolfm\/wp-json\/wp\/v2\/posts"}],"about":[{"href":"https:\/\/sertv.gob.pa\/crisolfm\/wp-json\/wp\/v2\/types\/post"}],"author":[{"embeddable":true,"href":"https:\/\/sertv.gob.pa\/crisolfm\/wp-json\/wp\/v2\/users\/1"}],"replies":[{"embeddable":true,"href":"https:\/\/sertv.gob.pa\/crisolfm\/wp-json\/wp\/v2\/comments?post=10419"}],"version-history":[{"count":0,"href":"https:\/\/sertv.gob.pa\/crisolfm\/wp-json\/wp\/v2\/posts\/10419\/revisions"}],"wp:featuredmedia":[{"embeddable":true,"href":"https:\/\/sertv.gob.pa\/crisolfm\/wp-json\/wp\/v2\/media\/10420"}],"wp:attachment":[{"href":"https:\/\/sertv.gob.pa\/crisolfm\/wp-json\/wp\/v2\/media?parent=10419"}],"wp:term":[{"taxonomy":"category","embeddable":true,"href":"https:\/\/sertv.gob.pa\/crisolfm\/wp-json\/wp\/v2\/categories?post=10419"},{"taxonomy":"post_tag","embeddable":true,"href":"https:\/\/sertv.gob.pa\/crisolfm\/wp-json\/wp\/v2\/tags?post=10419"}],"curies":[{"name":"wp","href":"https:\/\/api.w.org\/{rel}","templated":true}]}}