{"id":10503,"date":"2018-01-12T15:56:02","date_gmt":"2018-01-12T15:56:02","guid":{"rendered":""},"modified":"2018-01-12T15:56:02","modified_gmt":"2018-01-12T15:56:02","slug":"facebook-dara-prioridad-a-los-contenidos-personales","status":"publish","type":"post","link":"https:\/\/sertv.gob.pa\/crisolfm\/facebook-dara-prioridad-a-los-contenidos-personales\/","title":{"rendered":"Facebook dar\u00e1 prioridad a los contenidos personales"},"content":{"rendered":"<p>\nLa red social Facebook anunci\u00f3 hoy que en el muro de sus usuarios dar\u00e1 prioridad a los contenidos publicados por familiares o amigos frente a las publicaciones que lleven la firma de compa\u00f1\u00edas \u00a0o medios de comunicaci\u00f3n. <\/p>\n<p>El fundador y consejero delegado de Facebook, Mark Zuckerberg, desvel\u00f3 estos cambios en el funcionamiento de su plataforma que est\u00e1n orientados a mejorar y a hacer m\u00e1s valiosas las experiencias de sus usuarios en esta red. <\/p>\n<p>\u00abRecientemente hemos recibido comentarios de nuestra comunidad acerca de que el contenido p\u00fablico -publicaciones de negocios, marcas y medios- est\u00e1 desplazando los momentos personales que nos llevan a conectar m\u00e1s con los otros\u00bb, expres\u00f3 \u00a0en una publicaci\u00f3n en su perfil oficial de Facebook. <\/p>\n<p>Zuckerberg admiti\u00f3 que los v\u00eddeos y otros contenidos corporativos en Facebook han crecido mucho en los \u00faltimos dos a\u00f1os, por lo que hay m\u00e1s publicaciones de este tipo que personales de amigos y familiares. <\/p>\n<p>El m\u00e1ximo responsable del gigante tecnol\u00f3gico sostuvo que hay evidencias acad\u00e9micas que apuntan que este desequilibrio no es algo positivo. <\/p>\n<p>\u00abLas investigaciones muestran que cuando usamos las redes sociales para conectar con gente que nos importa, puede ser bueno para nuestro bienestar. Nos podemos sentir m\u00e1s conectados y menos solos y eso tiene una correlaci\u00f3n con los \u00edndices de felicidad y salud a largo plazo\u00bb, asegur\u00f3. <\/p>\n<p>\u00abPor otro lado, leer art\u00edculos o ver v\u00eddeos de manera pasiva, incluso si son de entretenimiento o informativos, quiz\u00e1 no sea tan bueno\u00bb, a\u00f1adi\u00f3. <\/p>\n<p>Zuckerberg dijo que Facebook ha hecho cambios en esta direcci\u00f3n desde el a\u00f1o pasado y adelant\u00f3 que los usuarios de la red empezar\u00e1n a ver pr\u00f3ximamente m\u00e1s publicaciones en su muro de amigos, familiares y conocidos. <\/p>\n<p>Seg\u00fan los \u00faltimos datos oficiales conocidos, correspondientes a septiembre de 2017, los usuarios activos diarios de media en Facebook se situaron en 1.370 millones de personas. <\/p>\n<p>De la misma manera, sus usuarios activos mensuales, a fecha del pasado 30 de septiembre, alcanzaron 2.070 millones de personas. <\/p>\n","protected":false},"excerpt":{"rendered":"<p>La red social Facebook anunci\u00f3 hoy que en el muro <a href=\"https:\/\/sertv.gob.pa\/crisolfm\/facebook-dara-prioridad-a-los-contenidos-personales\/\"> [&#8230;]<\/a><\/p>\n","protected":false},"author":1,"featured_media":10504,"comment_status":"closed","ping_status":"closed","sticky":false,"template":"","format":"standard","meta":{"footnotes":""},"categories":[9],"tags":[],"class_list":["post-10503","post","type-post","status-publish","format-standard","has-post-thumbnail","hentry","category-varios"],"_links":{"self":[{"href":"https:\/\/sertv.gob.pa\/crisolfm\/wp-json\/wp\/v2\/posts\/10503","targetHints":{"allow":["GET"]}}],"collection":[{"href":"https:\/\/sertv.gob.pa\/crisolfm\/wp-json\/wp\/v2\/posts"}],"about":[{"href":"https:\/\/sertv.gob.pa\/crisolfm\/wp-json\/wp\/v2\/types\/post"}],"author":[{"embeddable":true,"href":"https:\/\/sertv.gob.pa\/crisolfm\/wp-json\/wp\/v2\/users\/1"}],"replies":[{"embeddable":true,"href":"https:\/\/sertv.gob.pa\/crisolfm\/wp-json\/wp\/v2\/comments?post=10503"}],"version-history":[{"count":0,"href":"https:\/\/sertv.gob.pa\/crisolfm\/wp-json\/wp\/v2\/posts\/10503\/revisions"}],"wp:featuredmedia":[{"embeddable":true,"href":"https:\/\/sertv.gob.pa\/crisolfm\/wp-json\/wp\/v2\/media\/10504"}],"wp:attachment":[{"href":"https:\/\/sertv.gob.pa\/crisolfm\/wp-json\/wp\/v2\/media?parent=10503"}],"wp:term":[{"taxonomy":"category","embeddable":true,"href":"https:\/\/sertv.gob.pa\/crisolfm\/wp-json\/wp\/v2\/categories?post=10503"},{"taxonomy":"post_tag","embeddable":true,"href":"https:\/\/sertv.gob.pa\/crisolfm\/wp-json\/wp\/v2\/tags?post=10503"}],"curies":[{"name":"wp","href":"https:\/\/api.w.org\/{rel}","templated":true}]}}