{"id":10525,"date":"2018-01-15T18:46:36","date_gmt":"2018-01-15T18:46:36","guid":{"rendered":""},"modified":"2018-01-15T18:46:36","modified_gmt":"2018-01-15T18:46:36","slug":"expertos-discutiran-desafios-digitales-en-ninos-de-america-latina","status":"publish","type":"post","link":"https:\/\/sertv.gob.pa\/crisolfm\/expertos-discutiran-desafios-digitales-en-ninos-de-america-latina\/","title":{"rendered":"Expertos discutir\u00e1n desaf\u00edos digitales en ni\u00f1os de Am\u00e9rica Latina"},"content":{"rendered":"<p>\nExpertos en\u00a0tecnolog\u00edas\u00a0y juventud de m\u00e1s de 15 pa\u00edses se reunir\u00e1n en Costa Rica hoy \u00a0y el martes para discutir sobre los desaf\u00edos para la inclusi\u00f3n de ni\u00f1os y adolescentes en el mundo digital, informaron\u00a0 los organizadores. <\/p>\n<p>El prop\u00f3sito de este encuentro es analizar el estado de la investigaci\u00f3n, las implicaciones pol\u00edticas y el progreso en el marco de la relaci\u00f3n entre la adolescencia y la tecnolog\u00eda, con el fin de promover su inclusi\u00f3n y participaci\u00f3n. <\/p>\n<p>La actividad llamada \u00abConectados al Sur: Costa Rica\u00bb es organizado por la Universidad de Costa Rica (UCR), el Instituto de Comunicaci\u00f3n e Imagen de la Universidad de Chile, Faro Digital de Argentina, el Berkman Klein Center for Internet and Society de la Universidad de Harvard y el Fondo de Naciones Unidas para la Infancia (Unicef). <\/p>\n<p>\u00abSe trata de un simposio que pretende poner a dialogar a los participantes sobre tres ejes tem\u00e1ticos transversales: ciudadan\u00eda digital, inteligencia artificial y econom\u00eda digital\u00bb, explic\u00f3 Lorna Chac\u00f3n, Directora de la Escuela de Ciencias de la Comunicaci\u00f3n Colectiva de la Universidad de Costa Rica. <\/p>\n<p>Adem\u00e1s, este encuentro servir\u00e1 como un espacio de intercambio de ideas e iniciativas con el objetivo de fomentar la colaboraci\u00f3n entre los diversos pa\u00edses de la regi\u00f3n. <\/p>\n<p>Este es el tercer simposio regional, el primero fue realizado en Argentina (2014) y posteriormente en Chile (2016), y reunir\u00e1 durante dos d\u00edas a un centenar de acad\u00e9micos, activistas, fil\u00e1ntropos, funcionarios gubernamentales, miembros de la sociedad civil, y representantes de compa\u00f1\u00edas de tecnolog\u00eda. <\/p>\n<p>La actividad estar\u00e1 enfocada en las nuevas metodolog\u00edas las cuales incluyen el dise\u00f1o con la juventud, la investigaci\u00f3n participativa, la construcci\u00f3n de narrativas, contenidos en medios digitales y visualizaci\u00f3n de la informaci\u00f3n. <\/p>\n<p>As\u00ed como el uso y adaptaci\u00f3n de Internet y las\u00a0tecnolog\u00edas\u00a0m\u00f3viles por parte de los ni\u00f1os adolescentes y j\u00f3venes de Am\u00e9rica Latina y el Caribe. <\/p>\n<p>\u00abEl cierre de la brecha digital y el mejoramiento del acceso y uso positivo de las\u00a0tecnolog\u00edas\u00a0digitales es vital para lograr una mayor inclusi\u00f3n de las ni\u00f1as, ni\u00f1os y adolescentes en diferentes \u00e1mbitos como la educaci\u00f3n, la participaci\u00f3n c\u00edvica y el empleo, siempre conscientes de la urgencia de garantizar una navegaci\u00f3n segura y protegida\u00bb, expres\u00f3 el representante de la Unicef Costa Rica, Gordon Jonathan Lewis. <\/p>\n","protected":false},"excerpt":{"rendered":"<p>Expertos en\u00a0tecnolog\u00edas\u00a0y juventud de m\u00e1s de 15 pa\u00edses se reunir\u00e1n <a href=\"https:\/\/sertv.gob.pa\/crisolfm\/expertos-discutiran-desafios-digitales-en-ninos-de-america-latina\/\"> [&#8230;]<\/a><\/p>\n","protected":false},"author":1,"featured_media":10526,"comment_status":"closed","ping_status":"closed","sticky":false,"template":"","format":"standard","meta":{"footnotes":""},"categories":[9],"tags":[],"class_list":["post-10525","post","type-post","status-publish","format-standard","has-post-thumbnail","hentry","category-varios"],"_links":{"self":[{"href":"https:\/\/sertv.gob.pa\/crisolfm\/wp-json\/wp\/v2\/posts\/10525","targetHints":{"allow":["GET"]}}],"collection":[{"href":"https:\/\/sertv.gob.pa\/crisolfm\/wp-json\/wp\/v2\/posts"}],"about":[{"href":"https:\/\/sertv.gob.pa\/crisolfm\/wp-json\/wp\/v2\/types\/post"}],"author":[{"embeddable":true,"href":"https:\/\/sertv.gob.pa\/crisolfm\/wp-json\/wp\/v2\/users\/1"}],"replies":[{"embeddable":true,"href":"https:\/\/sertv.gob.pa\/crisolfm\/wp-json\/wp\/v2\/comments?post=10525"}],"version-history":[{"count":0,"href":"https:\/\/sertv.gob.pa\/crisolfm\/wp-json\/wp\/v2\/posts\/10525\/revisions"}],"wp:featuredmedia":[{"embeddable":true,"href":"https:\/\/sertv.gob.pa\/crisolfm\/wp-json\/wp\/v2\/media\/10526"}],"wp:attachment":[{"href":"https:\/\/sertv.gob.pa\/crisolfm\/wp-json\/wp\/v2\/media?parent=10525"}],"wp:term":[{"taxonomy":"category","embeddable":true,"href":"https:\/\/sertv.gob.pa\/crisolfm\/wp-json\/wp\/v2\/categories?post=10525"},{"taxonomy":"post_tag","embeddable":true,"href":"https:\/\/sertv.gob.pa\/crisolfm\/wp-json\/wp\/v2\/tags?post=10525"}],"curies":[{"name":"wp","href":"https:\/\/api.w.org\/{rel}","templated":true}]}}