{"id":10533,"date":"2018-01-16T16:43:01","date_gmt":"2018-01-16T16:43:01","guid":{"rendered":""},"modified":"2018-01-16T16:43:01","modified_gmt":"2018-01-16T16:43:01","slug":"congreso-del-futuro-debatira-sobre-limites-eticos-de-la-ciencia","status":"publish","type":"post","link":"https:\/\/sertv.gob.pa\/crisolfm\/congreso-del-futuro-debatira-sobre-limites-eticos-de-la-ciencia\/","title":{"rendered":"\u201cCongreso del Futuro\u201d debatir\u00e1 sobre l\u00edmites \u00e9ticos de la ciencia"},"content":{"rendered":"<p>\nLa VII edici\u00f3n del Congreso del Futuro, uno de los mayores eventos cient\u00edficos y tecnol\u00f3gicos de Am\u00e9rica Latina, inici\u00f3 ayer en Santiago de Chile con el fin de acercar la ciencia a la gente y debatir los l\u00edmites \u00e9ticos y morales del conocimiento. <\/p>\n<p>M\u00e1s de 130 cient\u00edficos e intelectuales participar\u00e1n en las conferencias y charlas que se efectuar\u00e1n hasta el pr\u00f3ximo domingo en Santiago y otras 10 regiones del pa\u00eds. <\/p>\n<p>El evento, organizado por el Congreso chileno, fue inaugurado este lunes por la presidenta Michelle Bachelet, y el mandatario electo, Sebasti\u00e1n Pi\u00f1era. <\/p>\n<p>Los principales temas que se discutir\u00e1n en la s\u00e9ptima edici\u00f3n del congreso son la inteligencia artificial, el uso de Big Data, el impacto de las tecnolog\u00edas en la ciudadan\u00eda, la medicina de precisi\u00f3n, la filosof\u00eda de la vida y las nuevas formas de educaci\u00f3n. <\/p>\n<p>Entre los ponentes destacan Tim Jackson, profesor de desarrollo sostenible en la Universidad de Surrey, y Sugata Mitra, doctor en f\u00edsica y profesor de tecnolog\u00eda educativa en la Universidad de Newcastle. Igualmente participar\u00e1n Ashton Applewhite, escritora y activista estadounidense que est\u00e1 en contra de la discriminaci\u00f3n etaria; y Maryn Mckenna, periodista especializada en salud p\u00fablica global y pol\u00edticas alimentarias especializada en la resistencia a los antibi\u00f3ticos. <\/p>\n<p>El senador Guido Girardi, presidente de la Comisi\u00f3n Desaf\u00edos del Futuro y uno de los principales impulsores del encuentro, sostuvo que el congreso se ha transformado en un &lsquo;laboratorio de innovaci\u00f3n social&#8217; que trata de hallar respuestas a la complejidad del mundo actual. <\/p>\n<p>\u00a0 <\/p>\n<p>\u00a0 <\/p>\n","protected":false},"excerpt":{"rendered":"<p>La VII edici\u00f3n del Congreso del Futuro, uno de los <a href=\"https:\/\/sertv.gob.pa\/crisolfm\/congreso-del-futuro-debatira-sobre-limites-eticos-de-la-ciencia\/\"> [&#8230;]<\/a><\/p>\n","protected":false},"author":1,"featured_media":10534,"comment_status":"closed","ping_status":"closed","sticky":false,"template":"","format":"standard","meta":{"footnotes":""},"categories":[9],"tags":[],"class_list":["post-10533","post","type-post","status-publish","format-standard","has-post-thumbnail","hentry","category-varios"],"_links":{"self":[{"href":"https:\/\/sertv.gob.pa\/crisolfm\/wp-json\/wp\/v2\/posts\/10533","targetHints":{"allow":["GET"]}}],"collection":[{"href":"https:\/\/sertv.gob.pa\/crisolfm\/wp-json\/wp\/v2\/posts"}],"about":[{"href":"https:\/\/sertv.gob.pa\/crisolfm\/wp-json\/wp\/v2\/types\/post"}],"author":[{"embeddable":true,"href":"https:\/\/sertv.gob.pa\/crisolfm\/wp-json\/wp\/v2\/users\/1"}],"replies":[{"embeddable":true,"href":"https:\/\/sertv.gob.pa\/crisolfm\/wp-json\/wp\/v2\/comments?post=10533"}],"version-history":[{"count":0,"href":"https:\/\/sertv.gob.pa\/crisolfm\/wp-json\/wp\/v2\/posts\/10533\/revisions"}],"wp:featuredmedia":[{"embeddable":true,"href":"https:\/\/sertv.gob.pa\/crisolfm\/wp-json\/wp\/v2\/media\/10534"}],"wp:attachment":[{"href":"https:\/\/sertv.gob.pa\/crisolfm\/wp-json\/wp\/v2\/media?parent=10533"}],"wp:term":[{"taxonomy":"category","embeddable":true,"href":"https:\/\/sertv.gob.pa\/crisolfm\/wp-json\/wp\/v2\/categories?post=10533"},{"taxonomy":"post_tag","embeddable":true,"href":"https:\/\/sertv.gob.pa\/crisolfm\/wp-json\/wp\/v2\/tags?post=10533"}],"curies":[{"name":"wp","href":"https:\/\/api.w.org\/{rel}","templated":true}]}}