{"id":10595,"date":"2018-01-22T16:20:18","date_gmt":"2018-01-22T16:20:18","guid":{"rendered":""},"modified":"2018-01-22T16:20:18","modified_gmt":"2018-01-22T16:20:18","slug":"usuarios-de-facebook-decidiran-que-medios-de-comunicacion-son-fiables","status":"publish","type":"post","link":"https:\/\/sertv.gob.pa\/crisolfm\/usuarios-de-facebook-decidiran-que-medios-de-comunicacion-son-fiables\/","title":{"rendered":"Usuarios de Facebook decidir\u00e1n qu\u00e9 medios de comunicaci\u00f3n son fiables"},"content":{"rendered":"<p>\nLa red social Facebook anunci\u00f3 que valorar\u00e1 y clasificar\u00e1 los medios de comunicaci\u00f3n en funci\u00f3n de la confianza otorgada por los propios usuarios de la plataforma. <\/p>\n<p>De esa manera, las cabeceras con mejores valoraciones tendr\u00e1n prioridad en el hilo de noticias de los usuarios, una estrategia con la que la compa\u00f1\u00eda espera combatir \u00abel sensacionalismo, la desinformaci\u00f3n y la polarizaci\u00f3n\u00bb. <\/p>\n<p>\u00abHemos decidido que permitiendo que la comunidad determine qu\u00e9 fuentes son ampliamente aceptadas ser\u00eda lo m\u00e1s objetivo\u00bb, manifest\u00f3 el creador de Facebook, Mark Zuckerberg. <\/p>\n<p>\u00abLas redes sociales permiten a la gente divulgar la informaci\u00f3n m\u00e1s r\u00e1pido que nunca, y si no hacemos frente a estos problemas, terminamos por amplificarlos. Por eso es importante que el hilo de noticias promueva noticias de alta calidad que ayuden a construir una serie de intereses comunes\u00bb, a\u00f1adi\u00f3. <\/p>\n<p>La semana pasada, Facebook empez\u00f3 a preguntar a sus usuarios acerca de su familiaridad con ciertos medios de comunicaci\u00f3n y su confianza en ellos. <\/p>\n<p>Esos cuestionarios se ir\u00e1n extendiendo para dar prioridad a medios que sean \u00abde confianza, informativos y locales\u00bb. Adem\u00e1s, la compa\u00f1\u00eda anunci\u00f3 recientemente que en el muro de sus usuarios dar\u00e1 prioridad a los contenidos publicados por familiares o amigos frente a las publicaciones que lleven la firma de empresas o medios de comunicaci\u00f3n. <\/p>\n<p>Zuckerberg indic\u00f3 que estos cambios est\u00e1n orientados a mejorar y a hacer m\u00e1s valiosas las experiencias de sus usuarios en esta red. <\/p>\n<p>\u00abRecientemente, hemos recibido comentarios de nuestra comunidad acerca de que el contenido p\u00fablico -publicaciones de negocios, marcas y medios- est\u00e1 desplazando los momentos personales que nos llevan a conectar m\u00e1s con los otros\u00bb, indic\u00f3 en una publicaci\u00f3n en su perfil oficial de Facebook. <\/p>\n<p>El fundador de la red social admiti\u00f3 que los v\u00eddeos y otros contenidos corporativos en la plataforma han crecido mucho en los \u00faltimos dos a\u00f1os, por lo que hay m\u00e1s publicaciones de este tipo que personales de amigos y familiares.\u00a0 <\/p>\n<p>\u00a0 <\/p>\n","protected":false},"excerpt":{"rendered":"<p>La red social Facebook anunci\u00f3 que valorar\u00e1 y clasificar\u00e1 los <a href=\"https:\/\/sertv.gob.pa\/crisolfm\/usuarios-de-facebook-decidiran-que-medios-de-comunicacion-son-fiables\/\"> [&#8230;]<\/a><\/p>\n","protected":false},"author":1,"featured_media":10596,"comment_status":"closed","ping_status":"closed","sticky":false,"template":"","format":"standard","meta":{"footnotes":""},"categories":[9],"tags":[],"class_list":["post-10595","post","type-post","status-publish","format-standard","has-post-thumbnail","hentry","category-varios"],"_links":{"self":[{"href":"https:\/\/sertv.gob.pa\/crisolfm\/wp-json\/wp\/v2\/posts\/10595","targetHints":{"allow":["GET"]}}],"collection":[{"href":"https:\/\/sertv.gob.pa\/crisolfm\/wp-json\/wp\/v2\/posts"}],"about":[{"href":"https:\/\/sertv.gob.pa\/crisolfm\/wp-json\/wp\/v2\/types\/post"}],"author":[{"embeddable":true,"href":"https:\/\/sertv.gob.pa\/crisolfm\/wp-json\/wp\/v2\/users\/1"}],"replies":[{"embeddable":true,"href":"https:\/\/sertv.gob.pa\/crisolfm\/wp-json\/wp\/v2\/comments?post=10595"}],"version-history":[{"count":0,"href":"https:\/\/sertv.gob.pa\/crisolfm\/wp-json\/wp\/v2\/posts\/10595\/revisions"}],"wp:featuredmedia":[{"embeddable":true,"href":"https:\/\/sertv.gob.pa\/crisolfm\/wp-json\/wp\/v2\/media\/10596"}],"wp:attachment":[{"href":"https:\/\/sertv.gob.pa\/crisolfm\/wp-json\/wp\/v2\/media?parent=10595"}],"wp:term":[{"taxonomy":"category","embeddable":true,"href":"https:\/\/sertv.gob.pa\/crisolfm\/wp-json\/wp\/v2\/categories?post=10595"},{"taxonomy":"post_tag","embeddable":true,"href":"https:\/\/sertv.gob.pa\/crisolfm\/wp-json\/wp\/v2\/tags?post=10595"}],"curies":[{"name":"wp","href":"https:\/\/api.w.org\/{rel}","templated":true}]}}