{"id":10633,"date":"2018-01-24T16:34:11","date_gmt":"2018-01-24T16:34:11","guid":{"rendered":""},"modified":"2018-01-24T16:34:11","modified_gmt":"2018-01-24T16:34:11","slug":"bogota-experimenta-la-temperatura-mas-baja-de-enero","status":"publish","type":"post","link":"https:\/\/sertv.gob.pa\/crisolfm\/bogota-experimenta-la-temperatura-mas-baja-de-enero\/","title":{"rendered":"Bogot\u00e1 experimenta la temperatura m\u00e1s baja de enero"},"content":{"rendered":"<p>\nEl Instituto de Hidrolog\u00eda, Meteorolog\u00eda y Estudios Ambientales (Ideam) de Colombia alert\u00f3 hoy sobre el significativo descenso en la temperatura en el centro del pa\u00eds, que incluso marc\u00f3 los 2 grados cent\u00edgrados a las 6.00 hora local (11.00 GMT), con una sensaci\u00f3n t\u00e9rmica de -1 grado en Bogot\u00e1. <\/p>\n<p>El jefe de pron\u00f3stico y alertas de la entidad, Christian Eusc\u00e1tegui, manifest\u00f3 que \u00abla temperatura de 2 grados que se experiment\u00f3 hoy es la m\u00e1s baja en lo que va de enero, y se espera que la m\u00e1xima de este mi\u00e9rcoles sea de 21 grados\u00bb. <\/p>\n<p>El Ideam emiti\u00f3 una alerta naranja \u00abpor descensos significativos de las temperaturas m\u00ednimas del aire en horas de la madrugada\u00bb, lo que puede dar lugar \u00aba la ocurrencia de heladas agrometeorol\u00f3gicas\u00bb. <\/p>\n<p>Por lo anterior, explic\u00f3 el organismo, \u00abse sugiere a los agricultores, ganaderos y floricultores estar atentos a los boletines\u00bb. <\/p>\n<p>La ola de fr\u00edo no solo afecta por estos d\u00edas a la capital colombiana sino a municipios de los departamentos de Cundinamarca y Boyac\u00e1, tales como Mosquera, Duitama y Sogamoso. <\/p>\n<p>\u00a0 <\/p>\n","protected":false},"excerpt":{"rendered":"<p>El Instituto de Hidrolog\u00eda, Meteorolog\u00eda y Estudios Ambientales (Ideam) de <a href=\"https:\/\/sertv.gob.pa\/crisolfm\/bogota-experimenta-la-temperatura-mas-baja-de-enero\/\"> [&#8230;]<\/a><\/p>\n","protected":false},"author":1,"featured_media":10634,"comment_status":"closed","ping_status":"closed","sticky":false,"template":"","format":"standard","meta":{"footnotes":""},"categories":[7],"tags":[],"class_list":["post-10633","post","type-post","status-publish","format-standard","has-post-thumbnail","hentry","category-ecologicas"],"_links":{"self":[{"href":"https:\/\/sertv.gob.pa\/crisolfm\/wp-json\/wp\/v2\/posts\/10633","targetHints":{"allow":["GET"]}}],"collection":[{"href":"https:\/\/sertv.gob.pa\/crisolfm\/wp-json\/wp\/v2\/posts"}],"about":[{"href":"https:\/\/sertv.gob.pa\/crisolfm\/wp-json\/wp\/v2\/types\/post"}],"author":[{"embeddable":true,"href":"https:\/\/sertv.gob.pa\/crisolfm\/wp-json\/wp\/v2\/users\/1"}],"replies":[{"embeddable":true,"href":"https:\/\/sertv.gob.pa\/crisolfm\/wp-json\/wp\/v2\/comments?post=10633"}],"version-history":[{"count":0,"href":"https:\/\/sertv.gob.pa\/crisolfm\/wp-json\/wp\/v2\/posts\/10633\/revisions"}],"wp:featuredmedia":[{"embeddable":true,"href":"https:\/\/sertv.gob.pa\/crisolfm\/wp-json\/wp\/v2\/media\/10634"}],"wp:attachment":[{"href":"https:\/\/sertv.gob.pa\/crisolfm\/wp-json\/wp\/v2\/media?parent=10633"}],"wp:term":[{"taxonomy":"category","embeddable":true,"href":"https:\/\/sertv.gob.pa\/crisolfm\/wp-json\/wp\/v2\/categories?post=10633"},{"taxonomy":"post_tag","embeddable":true,"href":"https:\/\/sertv.gob.pa\/crisolfm\/wp-json\/wp\/v2\/tags?post=10633"}],"curies":[{"name":"wp","href":"https:\/\/api.w.org\/{rel}","templated":true}]}}