{"id":10641,"date":"2018-01-24T20:09:14","date_gmt":"2018-01-24T20:09:14","guid":{"rendered":""},"modified":"2018-01-24T20:09:14","modified_gmt":"2018-01-24T20:09:14","slug":"instagram-introduce-una-libreria-de-gif-para-las-historias","status":"publish","type":"post","link":"https:\/\/sertv.gob.pa\/crisolfm\/instagram-introduce-una-libreria-de-gif-para-las-historias\/","title":{"rendered":"Instagram introduce una librer\u00eda de GIF para las historias"},"content":{"rendered":"<p>\nInstagram anunci\u00f3 que ahora se podr\u00e1n\u00a0introducir\u00a0GIF en las historias de la red social, que permitir\u00e1n a los usuarios  a\u00f1adir estos elementos en forma de &#8216;stikers&#8217;  animados a los v\u00eddeos o fotograf\u00edas que quieran compartir. <\/p>\n<p>La nueva librer\u00eda de &#8216;stikers&#8217; en movimiento para las historias llega de la mano de Giphy, y  los usuarios pueden acceder a ella a trav\u00e9s de la opci\u00f3n  que les permite a\u00f1adir un &#8216;sticker&#8217; a un video o foto, seg\u00fan detalla la compa\u00f1\u00eda en un comunicado. <\/p>\n<p>La red social permitir\u00e1, adem\u00e1s, subir fotograf\u00edas y videos de cualquier tama\u00f1o a las historias. De esta manera, cuando los usuarios suban una foto o video, podr\u00e1n compartirla en su dimensi\u00f3n original, sin importar si es cuadrada, apaisada o en formato retrato. <\/p>\n<p>Los &#8216;stickers&#8217; con movimiento est\u00e1n disponibles  como parte de la versi\u00f3n 29 de Instagram en iOS y Android , mientras que las mejoras en las subidas de contenido a las historias estar\u00e1n disponibles en las pr\u00f3ximas semanas. <\/p>\n","protected":false},"excerpt":{"rendered":"<p>Instagram anunci\u00f3 que ahora se podr\u00e1n\u00a0introducir\u00a0GIF en las historias de <a href=\"https:\/\/sertv.gob.pa\/crisolfm\/instagram-introduce-una-libreria-de-gif-para-las-historias\/\"> [&#8230;]<\/a><\/p>\n","protected":false},"author":1,"featured_media":10642,"comment_status":"closed","ping_status":"closed","sticky":false,"template":"","format":"standard","meta":{"footnotes":""},"categories":[9],"tags":[],"class_list":["post-10641","post","type-post","status-publish","format-standard","has-post-thumbnail","hentry","category-varios"],"_links":{"self":[{"href":"https:\/\/sertv.gob.pa\/crisolfm\/wp-json\/wp\/v2\/posts\/10641","targetHints":{"allow":["GET"]}}],"collection":[{"href":"https:\/\/sertv.gob.pa\/crisolfm\/wp-json\/wp\/v2\/posts"}],"about":[{"href":"https:\/\/sertv.gob.pa\/crisolfm\/wp-json\/wp\/v2\/types\/post"}],"author":[{"embeddable":true,"href":"https:\/\/sertv.gob.pa\/crisolfm\/wp-json\/wp\/v2\/users\/1"}],"replies":[{"embeddable":true,"href":"https:\/\/sertv.gob.pa\/crisolfm\/wp-json\/wp\/v2\/comments?post=10641"}],"version-history":[{"count":0,"href":"https:\/\/sertv.gob.pa\/crisolfm\/wp-json\/wp\/v2\/posts\/10641\/revisions"}],"wp:featuredmedia":[{"embeddable":true,"href":"https:\/\/sertv.gob.pa\/crisolfm\/wp-json\/wp\/v2\/media\/10642"}],"wp:attachment":[{"href":"https:\/\/sertv.gob.pa\/crisolfm\/wp-json\/wp\/v2\/media?parent=10641"}],"wp:term":[{"taxonomy":"category","embeddable":true,"href":"https:\/\/sertv.gob.pa\/crisolfm\/wp-json\/wp\/v2\/categories?post=10641"},{"taxonomy":"post_tag","embeddable":true,"href":"https:\/\/sertv.gob.pa\/crisolfm\/wp-json\/wp\/v2\/tags?post=10641"}],"curies":[{"name":"wp","href":"https:\/\/api.w.org\/{rel}","templated":true}]}}