{"id":10649,"date":"2018-01-25T16:53:39","date_gmt":"2018-01-25T16:53:39","guid":{"rendered":""},"modified":"2018-01-25T16:53:39","modified_gmt":"2018-01-25T16:53:39","slug":"aviso-de-prevencion-por-olas-de-hasta-3mts-en-el-caribe","status":"publish","type":"post","link":"https:\/\/sertv.gob.pa\/crisolfm\/aviso-de-prevencion-por-olas-de-hasta-3mts-en-el-caribe\/","title":{"rendered":"Aviso de prevenci\u00f3n por olas de hasta 3mts en el Caribe"},"content":{"rendered":"<p>\nEmiten aviso de prevenci\u00f3n para las costas del Caribe paname\u00f1o desde este jueves 25 de enero hasta el domingo 28 de enero, por fuertes oleajes, comunic\u00f3 el Servicio Informativo del Ministerio de Gobierno. <\/p>\n<p>La alerta se extiende desde la Comarca de Guna Yala hasta Bocas del Toro, donde las olas alcanzar\u00e1n desde 1.5mts a 3mts de altura. <\/p>\n<p>Las autoridades solicitan a los ba\u00f1istas tomar medidas de precauci\u00f3n, al igual que a las embarcaciones livianas. <\/p>\n<p>\u00a0 <\/p>\n<p>\u00a0 <\/p>\n<p>\u00a0 <\/p>\n","protected":false},"excerpt":{"rendered":"<p>Emiten aviso de prevenci\u00f3n para las costas del Caribe paname\u00f1o <a href=\"https:\/\/sertv.gob.pa\/crisolfm\/aviso-de-prevencion-por-olas-de-hasta-3mts-en-el-caribe\/\"> [&#8230;]<\/a><\/p>\n","protected":false},"author":1,"featured_media":10650,"comment_status":"closed","ping_status":"closed","sticky":false,"template":"","format":"standard","meta":{"footnotes":""},"categories":[7],"tags":[],"class_list":["post-10649","post","type-post","status-publish","format-standard","has-post-thumbnail","hentry","category-ecologicas"],"_links":{"self":[{"href":"https:\/\/sertv.gob.pa\/crisolfm\/wp-json\/wp\/v2\/posts\/10649","targetHints":{"allow":["GET"]}}],"collection":[{"href":"https:\/\/sertv.gob.pa\/crisolfm\/wp-json\/wp\/v2\/posts"}],"about":[{"href":"https:\/\/sertv.gob.pa\/crisolfm\/wp-json\/wp\/v2\/types\/post"}],"author":[{"embeddable":true,"href":"https:\/\/sertv.gob.pa\/crisolfm\/wp-json\/wp\/v2\/users\/1"}],"replies":[{"embeddable":true,"href":"https:\/\/sertv.gob.pa\/crisolfm\/wp-json\/wp\/v2\/comments?post=10649"}],"version-history":[{"count":0,"href":"https:\/\/sertv.gob.pa\/crisolfm\/wp-json\/wp\/v2\/posts\/10649\/revisions"}],"wp:featuredmedia":[{"embeddable":true,"href":"https:\/\/sertv.gob.pa\/crisolfm\/wp-json\/wp\/v2\/media\/10650"}],"wp:attachment":[{"href":"https:\/\/sertv.gob.pa\/crisolfm\/wp-json\/wp\/v2\/media?parent=10649"}],"wp:term":[{"taxonomy":"category","embeddable":true,"href":"https:\/\/sertv.gob.pa\/crisolfm\/wp-json\/wp\/v2\/categories?post=10649"},{"taxonomy":"post_tag","embeddable":true,"href":"https:\/\/sertv.gob.pa\/crisolfm\/wp-json\/wp\/v2\/tags?post=10649"}],"curies":[{"name":"wp","href":"https:\/\/api.w.org\/{rel}","templated":true}]}}