{"id":10655,"date":"2018-01-25T19:55:41","date_gmt":"2018-01-25T19:55:41","guid":{"rendered":""},"modified":"2018-01-25T19:55:41","modified_gmt":"2018-01-25T19:55:41","slug":"facebook-e-instagram-se-caen-en-todo-el-mundo","status":"publish","type":"post","link":"https:\/\/sertv.gob.pa\/crisolfm\/facebook-e-instagram-se-caen-en-todo-el-mundo\/","title":{"rendered":"Facebook e Instagram se caen en todo el mundo"},"content":{"rendered":"<p>\nNo suele ser com\u00fan, pero sucede. Este jueves, a partir de las 19.30 horas,  Facebook y su plataforma \u00abhermana\u00bb, Instagram, registraban una ca\u00edda en todo el planeta . El portal  Downdetector , que publica los problemas con redes y aplicaciones sociales, ha reportado  casi 2.000 mensajes que advierten  que los usuarios  no pueden acceder al portal  (un 65% de los informes reportados) y, los que lo hacen, no consiguen abrir sus cuentas (un 34%). <\/p>\n<p>Por su parte, m\u00e1s de 1.200 usuarios de  Instagram  en todo el mundo  tambi\u00e9n han avisado de problemas en esta plataforma , que fue adquirida por la compa\u00f1\u00eda de Zuckerberg en 2012. Los problemas m\u00e1s comunes son la actualizaci\u00f3n del \u00abfeed\u00bb (44%), el registro (32%) y problemas con la web (23%). <\/p>\n<p>Usuarios de pa\u00edses como  Estados Unidos, M\u00e9xico, Chile, Per\u00fa, Espa\u00f1a, Francia o Italia  han criticado la ca\u00edda del servicio a trav\u00e9s de esta p\u00e1gina y de plataformas como Twitter, donde el \u00abhashtag\u00bb  #Facebookdown  se ha convertido en tendencia. <\/p>\n<p>Ambas plataformas  se han ido restableciendo a la media hora del \u00abapag\u00f3n\u00bb . Aunque a\u00fan  no hay una versi\u00f3n oficial  ni un comunicado para aclarar la ca\u00edda de estas redes sociales, algunos internautas han manifestado que aparec\u00eda un mensaje en su cuenta de Facebook en el que se explicaba que esta red social se encontraba en \u00abtareas de mantenimiento\u00bb. <\/p>\n<p>Este problema coincide en el tiempo con los nuevos cambios anunciados por  Mark Zuckerberg  hace unas semanas, en las que afirm\u00f3 que  cambiar\u00eda el algoritmo  para convertir sus redes sociales en lugares en los que \u00abgastar un tiempo de calidad\u00bb por encima de contenido masivo. <\/p>\n<p>\u00a0 <\/p>\n","protected":false},"excerpt":{"rendered":"<p>No suele ser com\u00fan, pero sucede. Este jueves, a partir <a href=\"https:\/\/sertv.gob.pa\/crisolfm\/facebook-e-instagram-se-caen-en-todo-el-mundo\/\"> [&#8230;]<\/a><\/p>\n","protected":false},"author":1,"featured_media":10656,"comment_status":"closed","ping_status":"closed","sticky":false,"template":"","format":"standard","meta":{"footnotes":""},"categories":[9],"tags":[],"class_list":["post-10655","post","type-post","status-publish","format-standard","has-post-thumbnail","hentry","category-varios"],"_links":{"self":[{"href":"https:\/\/sertv.gob.pa\/crisolfm\/wp-json\/wp\/v2\/posts\/10655","targetHints":{"allow":["GET"]}}],"collection":[{"href":"https:\/\/sertv.gob.pa\/crisolfm\/wp-json\/wp\/v2\/posts"}],"about":[{"href":"https:\/\/sertv.gob.pa\/crisolfm\/wp-json\/wp\/v2\/types\/post"}],"author":[{"embeddable":true,"href":"https:\/\/sertv.gob.pa\/crisolfm\/wp-json\/wp\/v2\/users\/1"}],"replies":[{"embeddable":true,"href":"https:\/\/sertv.gob.pa\/crisolfm\/wp-json\/wp\/v2\/comments?post=10655"}],"version-history":[{"count":0,"href":"https:\/\/sertv.gob.pa\/crisolfm\/wp-json\/wp\/v2\/posts\/10655\/revisions"}],"wp:featuredmedia":[{"embeddable":true,"href":"https:\/\/sertv.gob.pa\/crisolfm\/wp-json\/wp\/v2\/media\/10656"}],"wp:attachment":[{"href":"https:\/\/sertv.gob.pa\/crisolfm\/wp-json\/wp\/v2\/media?parent=10655"}],"wp:term":[{"taxonomy":"category","embeddable":true,"href":"https:\/\/sertv.gob.pa\/crisolfm\/wp-json\/wp\/v2\/categories?post=10655"},{"taxonomy":"post_tag","embeddable":true,"href":"https:\/\/sertv.gob.pa\/crisolfm\/wp-json\/wp\/v2\/tags?post=10655"}],"curies":[{"name":"wp","href":"https:\/\/api.w.org\/{rel}","templated":true}]}}