{"id":10673,"date":"2018-01-28T05:00:00","date_gmt":"2018-01-28T05:00:00","guid":{"rendered":""},"modified":"2018-01-28T05:00:00","modified_gmt":"2018-01-28T05:00:00","slug":"homepod-el-altavoz-inteligente-de-apple-saldra-al-mercado","status":"publish","type":"post","link":"https:\/\/sertv.gob.pa\/crisolfm\/homepod-el-altavoz-inteligente-de-apple-saldra-al-mercado\/","title":{"rendered":"HomePod, el altavoz inteligente de Apple, saldr\u00e1 al mercado"},"content":{"rendered":"<p>\nApple anunci\u00f3 que su  altavoz inteligente conectado HomePod  estar\u00e1 en el mercado finalmente el 9 de febrero, m\u00e1s tarde de lo previsto originalmente. <\/p>\n<p>Presentado en junio, el HomePod,  quiere competir con Amazon y Google , que lideran el mercado de altavoces conectados manejados por voz, e inicialmente iba a estar en las estanter\u00edas en diciembre. Con este dispositivo, los directivos de Apple prometieron \u00bb revolucionar la m\u00fasica en casa  tanto como el iPod revolucion\u00f3 la m\u00fasica port\u00e1til\u00bb. <\/p>\n<p>A mediados de noviembre,  Apple anunci\u00f3 que pospon\u00eda este lanzamiento hasta principios de 2018 , sin dar ninguna explicaci\u00f3n. <\/p>\n<p>Primero se comercializar\u00e1 en Estados Unidos, Reino Unido y Australia, y estar\u00e1 disponible para pedidos por adelantado a partir de este viernes, seg\u00fan anunci\u00f3 el grupo en un comunicado.\u00a0 <\/p>\n<p> El altavoz funciona con la asistente virtual Siri , y se vender\u00e1 a 349 d\u00f3lares, en el segmento de gama alta del mercado. <\/p>\n<p>Para distinguirse de sus competidores,  Apple se enfoc\u00f3 en la calidad del sonido y el funcionamiento de Siri , que se supone que debe aprender paulatinamente -gracias a la inteligencia artificial- los gustos de su due\u00f1o para hacerle descubrir nuevos artistas. <\/p>\n<p>El HomePod est\u00e1 directamente vinculado  al servicio de streaming por suscripci\u00f3n Apple Musi c. <\/p>\n<p>Apple, cuya salud financiera es demasiado dependiente del iPhone, seg\u00fan muchos analistas,  est\u00e1 tratando de diversificarse , pero la compa\u00f1\u00eda se ha quedado atr\u00e1s en un mercado dominado por Amazon y Google, y en el que un pu\u00f1ado de otras marcas quiere ingresar a toda costa. <\/p>\n<p>Seg\u00fan la asociaci\u00f3n Consumer Technology Association (CTA),  el mercado de &#8216;smart speakers&#8217; vivir\u00e1 un auge en 2018 en Estados Unidos . Las proyecciones apuntan que se vender\u00e1n alrededor de 43 millones de dispositivos este a\u00f1o, un aumento del 60% con respecto a 2017. <\/p>\n<p>\u00a0 <\/p>\n","protected":false},"excerpt":{"rendered":"<p>Apple anunci\u00f3 que su altavoz inteligente conectado HomePod estar\u00e1 en <a href=\"https:\/\/sertv.gob.pa\/crisolfm\/homepod-el-altavoz-inteligente-de-apple-saldra-al-mercado\/\"> [&#8230;]<\/a><\/p>\n","protected":false},"author":1,"featured_media":10674,"comment_status":"closed","ping_status":"closed","sticky":false,"template":"","format":"standard","meta":{"footnotes":""},"categories":[9],"tags":[],"class_list":["post-10673","post","type-post","status-publish","format-standard","has-post-thumbnail","hentry","category-varios"],"_links":{"self":[{"href":"https:\/\/sertv.gob.pa\/crisolfm\/wp-json\/wp\/v2\/posts\/10673","targetHints":{"allow":["GET"]}}],"collection":[{"href":"https:\/\/sertv.gob.pa\/crisolfm\/wp-json\/wp\/v2\/posts"}],"about":[{"href":"https:\/\/sertv.gob.pa\/crisolfm\/wp-json\/wp\/v2\/types\/post"}],"author":[{"embeddable":true,"href":"https:\/\/sertv.gob.pa\/crisolfm\/wp-json\/wp\/v2\/users\/1"}],"replies":[{"embeddable":true,"href":"https:\/\/sertv.gob.pa\/crisolfm\/wp-json\/wp\/v2\/comments?post=10673"}],"version-history":[{"count":0,"href":"https:\/\/sertv.gob.pa\/crisolfm\/wp-json\/wp\/v2\/posts\/10673\/revisions"}],"wp:featuredmedia":[{"embeddable":true,"href":"https:\/\/sertv.gob.pa\/crisolfm\/wp-json\/wp\/v2\/media\/10674"}],"wp:attachment":[{"href":"https:\/\/sertv.gob.pa\/crisolfm\/wp-json\/wp\/v2\/media?parent=10673"}],"wp:term":[{"taxonomy":"category","embeddable":true,"href":"https:\/\/sertv.gob.pa\/crisolfm\/wp-json\/wp\/v2\/categories?post=10673"},{"taxonomy":"post_tag","embeddable":true,"href":"https:\/\/sertv.gob.pa\/crisolfm\/wp-json\/wp\/v2\/tags?post=10673"}],"curies":[{"name":"wp","href":"https:\/\/api.w.org\/{rel}","templated":true}]}}