{"id":10701,"date":"2018-01-30T16:28:09","date_gmt":"2018-01-30T16:28:09","guid":{"rendered":""},"modified":"2018-01-30T16:28:09","modified_gmt":"2018-01-30T16:28:09","slug":"instagram-prepara-la-puesta-de-largo-a-las-videollamadas","status":"publish","type":"post","link":"https:\/\/sertv.gob.pa\/crisolfm\/instagram-prepara-la-puesta-de-largo-a-las-videollamadas\/","title":{"rendered":"Instagram prepara la puesta de largo a las videollamadas"},"content":{"rendered":"<p>\nUn paso m\u00e1s hacia un entorno propio de las aplicaciones de mensajer\u00eda y cada vez m\u00e1s cerca de WhatsApp.  Instagram , conocida red de fotograf\u00eda propiedad de Facebook, quiere dejar a un lado su principal se\u00f1a de identidad para sumar otras funcionalidades de la que necesitar\u00e1, no obstante, la transferencia de datos personales. <\/p>\n<p> Seg\u00fan desvela \u00abWABetaInfo\u00bb , medio especializado en adelantar futuros servicios de las aplicaciones, la conocida aplicaci\u00f3n ha empezado a experimentar con las videollamadas como una de las posibles funciones que pueden incorporarse en futuras actualizaciones del servicio. Aunque no es todav\u00eda oficial, las capturas que se han filtrado apuntan, precisamente, a que la compa\u00f1\u00eda norteamericana trabaja en incorporar esta caracter\u00edstica propia de otro tipo de aplicaciones como WhatsApp. <\/p>\n<p>En caso que finalmente se haga extensible entre sus 400 millones de usuarios en todo el mundo, la \u00abapp\u00bb permitir\u00e1 as\u00ed establecer videollamadas entre usuarios, aunque a priori puede generar cierta controversia entre los defensores de la privacidad. En principio, las im\u00e1genes muestran un nuevo icono en la barra de navegaci\u00f3n del chat similar a la est\u00e9tica empleada por WhatsApp. <\/p>\n<p>Esta opci\u00f3n quedar\u00e1 accesible una vez que el usuario ha abierto una ventana de chat directo con otro seguidor, con lo que se podr\u00e1n efectuar las llamadas en video \u00fanicamente si el otro usuario ya ha aceptado previamente la notificaci\u00f3n de chatear. En caso contrario, este icono estar\u00e1 oculto.  Las primeras hip\u00f3tesis apuntan a que Instagram est\u00e1 desarrollando  en estos momentos esta funcionalidad y se cree que se habilitar\u00e1 en \u00ablos pr\u00f3ximo meses\u00bb a todos los dispositivos basados en los sistemas operativos iOS y Android. <\/p>\n<p>Desde hace alg\u00fan tiempo, Instagram ha empezado a virar hacia un entorno proclive a la conversaci\u00f3n y la comunicaci\u00f3n, apostando as\u00ed por los chats privados o las ya pol\u00e9micas en torno a la ultima hora de conexi\u00f3n de los usuarios. <\/p>\n<p>\u00a0 <\/p>\n","protected":false},"excerpt":{"rendered":"<p>Un paso m\u00e1s hacia un entorno propio de las aplicaciones <a href=\"https:\/\/sertv.gob.pa\/crisolfm\/instagram-prepara-la-puesta-de-largo-a-las-videollamadas\/\"> [&#8230;]<\/a><\/p>\n","protected":false},"author":1,"featured_media":10702,"comment_status":"closed","ping_status":"closed","sticky":false,"template":"","format":"standard","meta":{"footnotes":""},"categories":[9],"tags":[],"class_list":["post-10701","post","type-post","status-publish","format-standard","has-post-thumbnail","hentry","category-varios"],"_links":{"self":[{"href":"https:\/\/sertv.gob.pa\/crisolfm\/wp-json\/wp\/v2\/posts\/10701","targetHints":{"allow":["GET"]}}],"collection":[{"href":"https:\/\/sertv.gob.pa\/crisolfm\/wp-json\/wp\/v2\/posts"}],"about":[{"href":"https:\/\/sertv.gob.pa\/crisolfm\/wp-json\/wp\/v2\/types\/post"}],"author":[{"embeddable":true,"href":"https:\/\/sertv.gob.pa\/crisolfm\/wp-json\/wp\/v2\/users\/1"}],"replies":[{"embeddable":true,"href":"https:\/\/sertv.gob.pa\/crisolfm\/wp-json\/wp\/v2\/comments?post=10701"}],"version-history":[{"count":0,"href":"https:\/\/sertv.gob.pa\/crisolfm\/wp-json\/wp\/v2\/posts\/10701\/revisions"}],"wp:featuredmedia":[{"embeddable":true,"href":"https:\/\/sertv.gob.pa\/crisolfm\/wp-json\/wp\/v2\/media\/10702"}],"wp:attachment":[{"href":"https:\/\/sertv.gob.pa\/crisolfm\/wp-json\/wp\/v2\/media?parent=10701"}],"wp:term":[{"taxonomy":"category","embeddable":true,"href":"https:\/\/sertv.gob.pa\/crisolfm\/wp-json\/wp\/v2\/categories?post=10701"},{"taxonomy":"post_tag","embeddable":true,"href":"https:\/\/sertv.gob.pa\/crisolfm\/wp-json\/wp\/v2\/tags?post=10701"}],"curies":[{"name":"wp","href":"https:\/\/api.w.org\/{rel}","templated":true}]}}