{"id":10771,"date":"2018-02-05T17:46:48","date_gmt":"2018-02-05T17:46:48","guid":{"rendered":""},"modified":"2018-02-05T17:46:48","modified_gmt":"2018-02-05T17:46:48","slug":"samsung-lanzara-pantallas-flexibles-para-sus-moviles-en-2018","status":"publish","type":"post","link":"https:\/\/sertv.gob.pa\/crisolfm\/samsung-lanzara-pantallas-flexibles-para-sus-moviles-en-2018\/","title":{"rendered":"Samsung lanzar\u00e1 pantallas flexibles para sus m\u00f3viles en 2018"},"content":{"rendered":"<p>\nA\u00f1os han pasado desde que  Samsung  afirmara que trabajaba en un  sistema de pantalla plegable  que transformar\u00eda los m\u00f3viles en tablets como el que abre una cartera. Sin dobles pantallas y con continuidad de imagen. Tras rumores de posibles prototipos, de bisagras invisibles y preguntas en el aire, el gigante tecnol\u00f3gico por fin ha dado una fecha: 2018 ser\u00e1 el a\u00f1o en el que las  pantallas plegables y flexibles  llegar\u00e1n a nuestros bolsillos, con  tecnolog\u00eda OLED incluida . <\/p>\n<p>As\u00ed lo ha afirmado en el informe sobre resultados del cuarto trimestre de 2017, que  se ha hecho p\u00fablico este mi\u00e9rcoles  y en el que se detalla que la compa\u00f1\u00eda surcoreana obtuvo el a\u00f1o pasado un beneficio neto de  31.670 millones de euros, un 85% de aumento con respecto al anterior ejercicio.  Los chips han sido su producto estrella, pero planean que las nuevas pantallas OLED plegables sean el relevo. \u00abLa compa\u00f1\u00eda espera que la tecnolog\u00eda OLED se convierta en un  panel principal en la industria de los tel\u00e9fonos inteligentes  y reforzar\u00e1 sus competencias en nuevas aplicaciones tales como  pantallas plegables, automotrices y de TI \u00bb, han afirmado en un comunicado. <\/p>\n<p>Esta apuesta por la telefon\u00eda m\u00f3vil puede estar influida por la  disminuci\u00f3n de los beneficios de este segmento  para la compa\u00f1\u00eda debido a los costes de comercializaci\u00f3n: los  env\u00edos totales de tel\u00e9fonos inteligentes disminuyeron , aunque mantuvieron el tipo gracias a modelos tan emblem\u00e1ticos como el Galaxy Note 8, que vio aumentar sus ventas en el \u00faltimo trimestre. Adem\u00e1s, la firma espera un buen arranque de a\u00f1o gracias a las ventas del Galaxy S9,  que se presentar\u00e1 en febrero durante el Mobile World Congress de Barcelona.   <\/p>\n<p>Por otro lado, Samsung pone la vista en la inteligencia artificial y el desarrollo de su  asistente de voz Bixby , que tambi\u00e9n llegar\u00e1 a los electrodom\u00e9sticos inteligentes. Tambi\u00e9n buscar\u00e1 las ventas aterrizando en el 8K y en el Micro LED con sus televisiones. Muchos retos por delante para la marca que busca hacerle sombra a Apple y sus iPhones. <\/p>\n<p>\u00a0 <\/p>\n","protected":false},"excerpt":{"rendered":"<p>A\u00f1os han pasado desde que Samsung afirmara que trabajaba en <a href=\"https:\/\/sertv.gob.pa\/crisolfm\/samsung-lanzara-pantallas-flexibles-para-sus-moviles-en-2018\/\"> [&#8230;]<\/a><\/p>\n","protected":false},"author":1,"featured_media":10772,"comment_status":"closed","ping_status":"closed","sticky":false,"template":"","format":"standard","meta":{"footnotes":""},"categories":[9],"tags":[],"class_list":["post-10771","post","type-post","status-publish","format-standard","has-post-thumbnail","hentry","category-varios"],"_links":{"self":[{"href":"https:\/\/sertv.gob.pa\/crisolfm\/wp-json\/wp\/v2\/posts\/10771","targetHints":{"allow":["GET"]}}],"collection":[{"href":"https:\/\/sertv.gob.pa\/crisolfm\/wp-json\/wp\/v2\/posts"}],"about":[{"href":"https:\/\/sertv.gob.pa\/crisolfm\/wp-json\/wp\/v2\/types\/post"}],"author":[{"embeddable":true,"href":"https:\/\/sertv.gob.pa\/crisolfm\/wp-json\/wp\/v2\/users\/1"}],"replies":[{"embeddable":true,"href":"https:\/\/sertv.gob.pa\/crisolfm\/wp-json\/wp\/v2\/comments?post=10771"}],"version-history":[{"count":0,"href":"https:\/\/sertv.gob.pa\/crisolfm\/wp-json\/wp\/v2\/posts\/10771\/revisions"}],"wp:featuredmedia":[{"embeddable":true,"href":"https:\/\/sertv.gob.pa\/crisolfm\/wp-json\/wp\/v2\/media\/10772"}],"wp:attachment":[{"href":"https:\/\/sertv.gob.pa\/crisolfm\/wp-json\/wp\/v2\/media?parent=10771"}],"wp:term":[{"taxonomy":"category","embeddable":true,"href":"https:\/\/sertv.gob.pa\/crisolfm\/wp-json\/wp\/v2\/categories?post=10771"},{"taxonomy":"post_tag","embeddable":true,"href":"https:\/\/sertv.gob.pa\/crisolfm\/wp-json\/wp\/v2\/tags?post=10771"}],"curies":[{"name":"wp","href":"https:\/\/api.w.org\/{rel}","templated":true}]}}