{"id":10773,"date":"2018-02-05T19:03:50","date_gmt":"2018-02-05T19:03:50","guid":{"rendered":""},"modified":"2018-02-05T19:03:50","modified_gmt":"2018-02-05T19:03:50","slug":"crean-unas-gafas-inteligentes-indistinguibles-de-las-normales","status":"publish","type":"post","link":"https:\/\/sertv.gob.pa\/crisolfm\/crean-unas-gafas-inteligentes-indistinguibles-de-las-normales\/","title":{"rendered":"Crean unas gafas inteligentes \u201cindistinguibles\u201d de las normales"},"content":{"rendered":"<p>\nAl pensar en gafas inteligentes, seguramente venga a la memoria aqu\u00e9llas  Google Glass  que solo los m\u00e1s  exc\u00e9ntricos y \u00abtechies\u00bb  se atrevieron a llevar. Un \u00abfiasco\u00bb para Google, que pretend\u00eda  revolucionar a la sociedad  con el \u00ab internet de las cosas \u00bb y llevar la ciencia ficci\u00f3n a la realidad.  Intel  ha aprendido de aquel cap\u00edtulo y ahora presenta el prototipo \u00ab Vaunt \u00bb,  unas gafas que parecen eso precisamente: unas gafas.   <\/p>\n<p>Seg\u00fan cuenta  Itai Vonshak , jefe de productos de  New Devices Group (NDG) de Intel , responsable del prototipo, el objetivo era crear un dispositivo que, al contrario de lo que sucede con otro tipo de gafas de realidad virtual,  se pudiese llevar puesto todo el d\u00eda . \u00abLos productos que se utilizan sobre la cabeza son dif\u00edciles de llevar, porque las personas tienen que llevar demasiados componentes, lo que dice algo sobre su personalidad\u00bb,  explica para el medio The Verge,  quien ha tenido la oportunidad de  probar las gafas en exclusiva.   <\/p>\n<p>As\u00ed,  lo que se busc\u00f3 fue hacer \u00abdesaparecer la tecnolog\u00eda\u00bb  de las gafas, por lo que todos los componentes tecnol\u00f3gicos van integrados en las patillas. Tambi\u00e9n se pretendi\u00f3 que  no pesasen m\u00e1s de 50 gramos , para que no fueran dif\u00edciles de llevar. No ten\u00edan que parecer unas gafas normales, sino ser unas gafas que podr\u00edamos adquirir en cualquier \u00f3ptica. <\/p>\n<p>Entonces, \u00bfqu\u00e9 es lo que se puede conseguir con estas gafas? Gracias a su  proyector retinal , consigue poner la  imagen sobre el globo ocular , sin c\u00e1maras (algo que fue muy criticado con las Google Glass) y sin micr\u00f3fonos (de momento). Al llevarlas puestas, el usuario  ve toda la informaci\u00f3n delante de sus ojos  y puede  consultar desde mensajes de WhatsApp a recetas de cocina . Este dispositivo, a semejanza de los \u00absmartwatches\u00bb, se conecta al m\u00f3vil y tiene las mismas funcionalidades que estos \u00abwereables\u00bb. <\/p>\n<p>Aunque todav\u00eda  no hay fecha para su comercializaci\u00f3n , Intel pondr\u00e1 en manos de los desarrolladores este prototipo, para que experimenten con futuras aplicaciones antes de llegar al usuario de a pie. <\/p>\n<p>\u00a0 <\/p>\n","protected":false},"excerpt":{"rendered":"<p>Al pensar en gafas inteligentes, seguramente venga a la memoria <a href=\"https:\/\/sertv.gob.pa\/crisolfm\/crean-unas-gafas-inteligentes-indistinguibles-de-las-normales\/\"> [&#8230;]<\/a><\/p>\n","protected":false},"author":1,"featured_media":10774,"comment_status":"closed","ping_status":"closed","sticky":false,"template":"","format":"standard","meta":{"footnotes":""},"categories":[9],"tags":[],"class_list":["post-10773","post","type-post","status-publish","format-standard","has-post-thumbnail","hentry","category-varios"],"_links":{"self":[{"href":"https:\/\/sertv.gob.pa\/crisolfm\/wp-json\/wp\/v2\/posts\/10773","targetHints":{"allow":["GET"]}}],"collection":[{"href":"https:\/\/sertv.gob.pa\/crisolfm\/wp-json\/wp\/v2\/posts"}],"about":[{"href":"https:\/\/sertv.gob.pa\/crisolfm\/wp-json\/wp\/v2\/types\/post"}],"author":[{"embeddable":true,"href":"https:\/\/sertv.gob.pa\/crisolfm\/wp-json\/wp\/v2\/users\/1"}],"replies":[{"embeddable":true,"href":"https:\/\/sertv.gob.pa\/crisolfm\/wp-json\/wp\/v2\/comments?post=10773"}],"version-history":[{"count":0,"href":"https:\/\/sertv.gob.pa\/crisolfm\/wp-json\/wp\/v2\/posts\/10773\/revisions"}],"wp:featuredmedia":[{"embeddable":true,"href":"https:\/\/sertv.gob.pa\/crisolfm\/wp-json\/wp\/v2\/media\/10774"}],"wp:attachment":[{"href":"https:\/\/sertv.gob.pa\/crisolfm\/wp-json\/wp\/v2\/media?parent=10773"}],"wp:term":[{"taxonomy":"category","embeddable":true,"href":"https:\/\/sertv.gob.pa\/crisolfm\/wp-json\/wp\/v2\/categories?post=10773"},{"taxonomy":"post_tag","embeddable":true,"href":"https:\/\/sertv.gob.pa\/crisolfm\/wp-json\/wp\/v2\/tags?post=10773"}],"curies":[{"name":"wp","href":"https:\/\/api.w.org\/{rel}","templated":true}]}}