{"id":10841,"date":"2018-02-14T16:36:00","date_gmt":"2018-02-14T16:36:00","guid":{"rendered":""},"modified":"2018-02-14T16:36:00","modified_gmt":"2018-02-14T16:36:00","slug":"facebook-perdera-usuarios-que-optan-por-snapchat-e-instagram","status":"publish","type":"post","link":"https:\/\/sertv.gob.pa\/crisolfm\/facebook-perdera-usuarios-que-optan-por-snapchat-e-instagram\/","title":{"rendered":"Facebook perder\u00e1 usuarios que optan por Snapchat e Instagram"},"content":{"rendered":"<p>\nFacebook perder\u00e1 parte de sus usuarios m\u00e1s j\u00f3venes en 2018, mientras Snapchat e Instagram incrementar\u00e1n sus registros en este grupo, seg\u00fan una investigaci\u00f3n divulgada hoy por la compa\u00f1\u00eda de estudios de mercado eMarketer. <\/p>\n<p>\u00abFacebook est\u00e1 perdiendo a los usuarios j\u00f3venes incluso a un ritmo m\u00e1s grande de lo esperado\u00bb, afirm\u00f3 en un comunicado la entidad sobre la tendencia de la empresa que dirige Mark Zuckerberg. <\/p>\n<p>Por primera vez, menos de la mitad de los estadounidenses de entre 12 y 17 a\u00f1os har\u00e1 uso de la popular red social a trav\u00e9s de cualquier dispositivo al menos una vez al mes. <\/p>\n<p>En este sentido, eMarketer enfatiz\u00f3 que la compa\u00f1\u00eda de Mark Zuckerberg consigui\u00f3 frenar esta tendencia con la compra de Instagram -la otra red que canaliza sus p\u00e9rdidas-, pero que es Snapchat quien aumentar\u00e1 su influencia sobre los m\u00e1s j\u00f3venes. <\/p>\n<p>Facebook perder\u00e1 un total de dos millones de usuarios con edades comprendidas bajo los 24 a\u00f1os, seg\u00fan las estimaciones del centro de an\u00e1lisis. <\/p>\n<p>Paralelamente, Instagram a\u00f1adir\u00e1 1,6 millones de perfiles nuevos que formen parte de esa franja y Snapchat 1,9; y ser\u00e1 Snapchat quien mantenga su liderazgo respecto a Instagram en la franja de 12 a 24 a\u00f1os. <\/p>\n<p>\u00abSnapchat podr\u00eda incluso experimentar m\u00e1s crecimiento en grupos m\u00e1s mayores, ya que est\u00e1n redise\u00f1ando la plataforma para hacerla m\u00e1s sencilla\u00bb, indic\u00f3 Debra Aho Williamson, analista del centro. <\/p>\n<p>Seg\u00fan el estudio, Facebook continuar\u00e1 creciendo en cuanto al n\u00famero total de personas que usan su plataforma, pero lo har\u00e1 sirvi\u00e9ndose de generaciones m\u00e1s mayores. <\/p>\n<p>En cifras generales, el n\u00famero de usuarios de la web alcanzar\u00e1 los 169,5 millones, menos de un 1 % m\u00e1s que en 2017. <\/p>\n<p>Por su parte, Instagram seguir\u00e1 teniendo m\u00e1s consumidores Snapchat, con 104,7 millones y 86,5 millones respectivamente, lo que implicar\u00e1 que Facebook siga reduciendo su porci\u00f3n del mercado de las redes sociales este curso, seg\u00fan recogi\u00f3 el comunicado <\/p>\n","protected":false},"excerpt":{"rendered":"<p>Facebook perder\u00e1 parte de sus usuarios m\u00e1s j\u00f3venes en 2018, <a href=\"https:\/\/sertv.gob.pa\/crisolfm\/facebook-perdera-usuarios-que-optan-por-snapchat-e-instagram\/\"> [&#8230;]<\/a><\/p>\n","protected":false},"author":1,"featured_media":10842,"comment_status":"closed","ping_status":"closed","sticky":false,"template":"","format":"standard","meta":{"footnotes":""},"categories":[9],"tags":[],"class_list":["post-10841","post","type-post","status-publish","format-standard","has-post-thumbnail","hentry","category-varios"],"_links":{"self":[{"href":"https:\/\/sertv.gob.pa\/crisolfm\/wp-json\/wp\/v2\/posts\/10841","targetHints":{"allow":["GET"]}}],"collection":[{"href":"https:\/\/sertv.gob.pa\/crisolfm\/wp-json\/wp\/v2\/posts"}],"about":[{"href":"https:\/\/sertv.gob.pa\/crisolfm\/wp-json\/wp\/v2\/types\/post"}],"author":[{"embeddable":true,"href":"https:\/\/sertv.gob.pa\/crisolfm\/wp-json\/wp\/v2\/users\/1"}],"replies":[{"embeddable":true,"href":"https:\/\/sertv.gob.pa\/crisolfm\/wp-json\/wp\/v2\/comments?post=10841"}],"version-history":[{"count":0,"href":"https:\/\/sertv.gob.pa\/crisolfm\/wp-json\/wp\/v2\/posts\/10841\/revisions"}],"wp:featuredmedia":[{"embeddable":true,"href":"https:\/\/sertv.gob.pa\/crisolfm\/wp-json\/wp\/v2\/media\/10842"}],"wp:attachment":[{"href":"https:\/\/sertv.gob.pa\/crisolfm\/wp-json\/wp\/v2\/media?parent=10841"}],"wp:term":[{"taxonomy":"category","embeddable":true,"href":"https:\/\/sertv.gob.pa\/crisolfm\/wp-json\/wp\/v2\/categories?post=10841"},{"taxonomy":"post_tag","embeddable":true,"href":"https:\/\/sertv.gob.pa\/crisolfm\/wp-json\/wp\/v2\/tags?post=10841"}],"curies":[{"name":"wp","href":"https:\/\/api.w.org\/{rel}","templated":true}]}}