{"id":10887,"date":"2018-02-17T05:00:00","date_gmt":"2018-02-17T05:00:00","guid":{"rendered":""},"modified":"2018-02-17T05:00:00","modified_gmt":"2018-02-17T05:00:00","slug":"desarrollan-marcapasos-cerebral-para-mejorar-la-memoria","status":"publish","type":"post","link":"https:\/\/sertv.gob.pa\/crisolfm\/desarrollan-marcapasos-cerebral-para-mejorar-la-memoria\/","title":{"rendered":"Desarrollan \u201cmarcapasos cerebral\u201d para mejorar la memoria"},"content":{"rendered":"<p>\nLa tecnolog\u00eda avanza y con ella sus aplicaciones en medicina. Un grupo de cient\u00edficos, liderado por expertos de la  Universidad de Pensilvania  y la  Universidad Thomas Jefferson , han dise\u00f1ado un implante que se encuentra en su primera fase de pruebas y que puede ayudar a curar lesiones cerebrales, la demencia y otras patolog\u00edas que afectan a la memoria. Algo as\u00ed como un \u00ab marcapasos cerebral \u00bb, que  manda impulsos el\u00e9ctricos que fomentan el almacenaje de nuevos recuerdos  cuando detecta que el cerebro est\u00e1 teniendo problemas para acometer estas acciones. <\/p>\n<p>En el resultado de la primera prueba, publicado el martes en la revista especializada Nature Communications y  recogido por el New York Times , revela que este dispositivo  mejor\u00f3 el recuerdo de listas de palabras en un 15 por ciento , un volumen parecido al que pierde el paciente con Alzheimer transcurridos dos a\u00f1os y medio desde el comienzo de la enfermedad. <\/p>\n<p>Lo que se hizo con estos pacientes fue  colocar los electrodos en \u00e1reas concretas del cerebro para observar los cambios  y provocar los impulsos en el momento adecuado. Durante las semanas en las que dur\u00f3 la prueba, los m\u00e9dicos les hicieron pruebas de memoria y tomaron los datos para extraer las conclusiones. <\/p>\n<p>Este implante  a\u00fan se encuentra en fase experimental  y sus creadores est\u00e1n buscando empresas interesadas en el desarrollo de este prototipo, cuya amplitud de uso es desconocida, ya que, de momento, solo se ha probado en personas que padecen epilepsia. En concreto, en  25 personas que estaban bajo evaluaci\u00f3n para una intervenci\u00f3n quir\u00fargica . No se trata de una tecnolog\u00eda totalmente nueva, ya que la medicina ha utilizado implantes similares para bloquear brotes de actividad anormal en el cerebro, com\u00fanmente en personas que padecen la enfermedad de Parkinson y epilepsia. <\/p>\n<p>\u00abUna cosa es revisar tus datos y comprobar que la estimulaci\u00f3n funciona; otra cosa es dejar que el programa corra por s\u00ed mismo y ver c\u00f3mo trabaja en tiempo real\u00bb, ha afirmado  Michael Kahana , profesor de Psicolog\u00eda en la Universidad de Pensilvania y autor principal del nuevo estudio. \u00abAhora que la tecnolog\u00eda ya est\u00e1 desarrollada,  podr\u00edan usarse todo tipo de algoritmos de modulaci\u00f3n neuronal \u00bb, ha agregado. <\/p>\n<p>El problema del actual dise\u00f1o es que  se necesita la colocaci\u00f3n de muchos electrodos , lo que implica una  operaci\u00f3n muy delicada  para unos resultados que \u00ab a\u00fan son bastante modestos \u00bb, afirman sus creadores. Sin embargo, se est\u00e1n buscando m\u00e9todos menos invasivos para dar luz verde a una tecnolog\u00eda que podr\u00eda ser el remedio a enfermedades como el Parkinson o el Alzheimer. <\/p>\n<p>\u00a0 <\/p>\n","protected":false},"excerpt":{"rendered":"<p>La tecnolog\u00eda avanza y con ella sus aplicaciones en medicina. <a href=\"https:\/\/sertv.gob.pa\/crisolfm\/desarrollan-marcapasos-cerebral-para-mejorar-la-memoria\/\"> [&#8230;]<\/a><\/p>\n","protected":false},"author":1,"featured_media":10888,"comment_status":"closed","ping_status":"closed","sticky":false,"template":"","format":"standard","meta":{"footnotes":""},"categories":[9],"tags":[],"class_list":["post-10887","post","type-post","status-publish","format-standard","has-post-thumbnail","hentry","category-varios"],"_links":{"self":[{"href":"https:\/\/sertv.gob.pa\/crisolfm\/wp-json\/wp\/v2\/posts\/10887","targetHints":{"allow":["GET"]}}],"collection":[{"href":"https:\/\/sertv.gob.pa\/crisolfm\/wp-json\/wp\/v2\/posts"}],"about":[{"href":"https:\/\/sertv.gob.pa\/crisolfm\/wp-json\/wp\/v2\/types\/post"}],"author":[{"embeddable":true,"href":"https:\/\/sertv.gob.pa\/crisolfm\/wp-json\/wp\/v2\/users\/1"}],"replies":[{"embeddable":true,"href":"https:\/\/sertv.gob.pa\/crisolfm\/wp-json\/wp\/v2\/comments?post=10887"}],"version-history":[{"count":0,"href":"https:\/\/sertv.gob.pa\/crisolfm\/wp-json\/wp\/v2\/posts\/10887\/revisions"}],"wp:featuredmedia":[{"embeddable":true,"href":"https:\/\/sertv.gob.pa\/crisolfm\/wp-json\/wp\/v2\/media\/10888"}],"wp:attachment":[{"href":"https:\/\/sertv.gob.pa\/crisolfm\/wp-json\/wp\/v2\/media?parent=10887"}],"wp:term":[{"taxonomy":"category","embeddable":true,"href":"https:\/\/sertv.gob.pa\/crisolfm\/wp-json\/wp\/v2\/categories?post=10887"},{"taxonomy":"post_tag","embeddable":true,"href":"https:\/\/sertv.gob.pa\/crisolfm\/wp-json\/wp\/v2\/tags?post=10887"}],"curies":[{"name":"wp","href":"https:\/\/api.w.org\/{rel}","templated":true}]}}