{"id":10921,"date":"2018-02-20T18:36:12","date_gmt":"2018-02-20T18:36:12","guid":{"rendered":""},"modified":"2018-02-20T18:36:12","modified_gmt":"2018-02-20T18:36:12","slug":"cuanta-radiacion-emite-tu-movil","status":"publish","type":"post","link":"https:\/\/sertv.gob.pa\/crisolfm\/cuanta-radiacion-emite-tu-movil\/","title":{"rendered":"\u00bfCu\u00e1nta radiaci\u00f3n emite tu m\u00f3vil?"},"content":{"rendered":"<p>\nA caballo entre la  leyenda urbana y el p\u00e1nico social , las ondas que emiten los m\u00f3viles es un tema que resurge cada cierto tiempo. A pesar de que  los estudios no han conseguido probar a\u00fan la relaci\u00f3n directa de la radiaci\u00f3n  de los terminales con enfermedades tales como el  c\u00e1ncer , se trata de una de las preocupaciones que asaltan a sus usuarios, que normalmente conviven muy de cerca con este tipo de dispositivos. <\/p>\n<p>\u00abA medida que han ido apareciendo m\u00e1s ondas de RF en nuestras vidas, la pregunta por resolver es si existe  alg\u00fan efecto adverso por parte de los tel\u00e9fonos , las estaciones base (torres de telefon\u00eda) o las conexiones wifi a niveles de exposici\u00f3n ambiental\u00bb, afirm\u00f3 para una entrevista en la BBC  Emilie van Deventer , directora del Programa de Radiaci\u00f3n del Departamento de Salud P\u00fablica, Medio Ambiente y Determinantes de la Salud de la Organizaci\u00f3n Mundial de la Salud (OMS). <\/p>\n<p>Por todo ello, aunque nuestros  m\u00f3viles emiten una radiaci\u00f3n muy por debajo de  la de, por ejemplo,  los microondas , en la actualidad se analiza el impacto a largo tiempo de estos inseparables \u00abap\u00e9ndices\u00bb humanos. <\/p>\n<p>Para llevar a cabo estudios de este tipo, la  Oficina Federal Alemana de Protecci\u00f3n Radiol\u00f3gica  ( Bundesamt f\u00fcr Strahlenschutz ) ha elaborado una base de los tel\u00e9fonos inteligentes y las ondas lanzadas. Estos datos concluyen que el  Sony Xperia M5  es el que emite una menor radiaci\u00f3n (concretamente de 0,14 vatios por kilogramo). A este le siguen dos tel\u00e9fonos Samsung, el  Galaxy Note 8  y el  S6 Edge+  (con 0,17 y 0,22 vatios por kilogramo, respectivamente). De hecho, la marca coreana ha conseguido \u00abcolar\u00bb cuatro modelos m\u00e1s:  Galaxy S8+, Galaxy S7 edge, Galaxy A5  y  Galaxy S8 . <\/p>\n<p>Los tel\u00e9fonos de Google tambi\u00e9n se encuentran entre los de menor radiaci\u00f3n del mercado actual (concretamente el terminal  Pixel XL y Pixel ), as\u00ed como Motorola (con el  Moto g5 plus  y  Moto Z ), seg\u00fan explica el gr\u00e1fico de Statista con los datos de la lista alemana. <\/p>\n<p>En el lado contrario se encuentra el modelo  5T  de la compa\u00f1\u00eda china  One Plus  ser\u00eda el de mayor radiaci\u00f3n entre los estudiados. De hecho, las firmas de este pa\u00eds ( One Plus, Huawei y ZTE ) encabezan la lista de los smartphones que m\u00e1s radicaci\u00f3n emiten, copando 9 de los 15 puestos. Entre ellos, tambi\u00e9n se encuentran terminales recientes de grandes marcas globales, como el  iPhone 7  y el  iPhone 8 , de Apple.  Nokia  y su modelo  Lumia 630  ocupa el tercer puesto, y el  Sony Xperia XZ1 Compact  y la  Blackberry DTEK 60  tambi\u00e9n se encuentran entre los tel\u00e9fonos que m\u00e1s radiaci\u00f3n emiten. <\/p>\n<p>Aunque no existe una pauta \u00aboficial\u00bb de cual es el nivel \u00abseguro\u00bb de radiaci\u00f3n de los tel\u00e9fonos, la certificaci\u00f3n alemana \u00abDer Blaue Engel\u00bb establece esta \u00abl\u00ednea roja\u00bb por debajo de los 0,60 vatios por kilogramo <\/p>\n<p>\u00a0 <\/p>\n","protected":false},"excerpt":{"rendered":"<p>A caballo entre la leyenda urbana y el p\u00e1nico social <a href=\"https:\/\/sertv.gob.pa\/crisolfm\/cuanta-radiacion-emite-tu-movil\/\"> [&#8230;]<\/a><\/p>\n","protected":false},"author":1,"featured_media":10922,"comment_status":"closed","ping_status":"closed","sticky":false,"template":"","format":"standard","meta":{"footnotes":""},"categories":[9],"tags":[],"class_list":["post-10921","post","type-post","status-publish","format-standard","has-post-thumbnail","hentry","category-varios"],"_links":{"self":[{"href":"https:\/\/sertv.gob.pa\/crisolfm\/wp-json\/wp\/v2\/posts\/10921","targetHints":{"allow":["GET"]}}],"collection":[{"href":"https:\/\/sertv.gob.pa\/crisolfm\/wp-json\/wp\/v2\/posts"}],"about":[{"href":"https:\/\/sertv.gob.pa\/crisolfm\/wp-json\/wp\/v2\/types\/post"}],"author":[{"embeddable":true,"href":"https:\/\/sertv.gob.pa\/crisolfm\/wp-json\/wp\/v2\/users\/1"}],"replies":[{"embeddable":true,"href":"https:\/\/sertv.gob.pa\/crisolfm\/wp-json\/wp\/v2\/comments?post=10921"}],"version-history":[{"count":0,"href":"https:\/\/sertv.gob.pa\/crisolfm\/wp-json\/wp\/v2\/posts\/10921\/revisions"}],"wp:featuredmedia":[{"embeddable":true,"href":"https:\/\/sertv.gob.pa\/crisolfm\/wp-json\/wp\/v2\/media\/10922"}],"wp:attachment":[{"href":"https:\/\/sertv.gob.pa\/crisolfm\/wp-json\/wp\/v2\/media?parent=10921"}],"wp:term":[{"taxonomy":"category","embeddable":true,"href":"https:\/\/sertv.gob.pa\/crisolfm\/wp-json\/wp\/v2\/categories?post=10921"},{"taxonomy":"post_tag","embeddable":true,"href":"https:\/\/sertv.gob.pa\/crisolfm\/wp-json\/wp\/v2\/tags?post=10921"}],"curies":[{"name":"wp","href":"https:\/\/api.w.org\/{rel}","templated":true}]}}