{"id":10967,"date":"2018-02-24T05:00:00","date_gmt":"2018-02-24T05:00:00","guid":{"rendered":""},"modified":"2018-02-24T05:00:00","modified_gmt":"2018-02-24T05:00:00","slug":"facebook-posee-datos-personales-de-casi-la-mitad-de-los-europeos","status":"publish","type":"post","link":"https:\/\/sertv.gob.pa\/crisolfm\/facebook-posee-datos-personales-de-casi-la-mitad-de-los-europeos\/","title":{"rendered":"Facebook posee datos personales de casi la mitad de los europeos"},"content":{"rendered":"<p>\nCon el debate candente acerca de c\u00f3mo utiliza Facebook la informaci\u00f3n personal de sus usuarios y a tres meses de que entre en vigor el  Reglamento General de Protecci\u00f3n de Datos  ( GDPR ) de la Uni\u00f3n Europea, un  estudio de la Universidad Carlos III  de Madrid revela que esta compa\u00f1\u00eda podr\u00eda identificar en la actualidad, con nombre, apellidos, tel\u00e9fono o incluso direcci\u00f3n f\u00edsica, al 40 por ciento de toda la poblaci\u00f3n de Europa. <\/p>\n<p>En concreto, este documento detalla que la plataforma ideada por  Mark Zuckerberg  vincula  tres de cada cuatro perfiles  a intereses de sus usuarios europeos  con datos personales confidenciales  (un  73 por ciento del total  de cibernautas que tienen cuenta en Facebook), lo que en t\u00e9rminos absolutos de poblaci\u00f3n equivalen al 40 por ciento se\u00f1alado. Se trata de alrededor de  205 millones de personas  cuya informaci\u00f3n en redes sociales  podr\u00eda determinar su identidad real , poniendo en peligro su privacidad y haci\u00e9ndolos vulnerables, por ejemplo, a los ataques de  \u00abphishing\u00bb  (suplantaci\u00f3n de empresas u organismos reconocidos por parte de los ciberdelincuentes con fines lucrativos o para obtener m\u00e1s informaci\u00f3n),  seg\u00fan revela Thenextweb . <\/p>\n<p>En su conclusi\u00f3n, los investigadores,  Jos\u00e9 Gonz\u00e1lez Caba\u00f1as ,  \u00c1ngel Cuevas  y  Rub\u00e9n Cuevas , afirman que una de las razones por las que Facebook mantiene un registro de los intereses de los usuarios es mejorar las preferencias de anuncios, lo que significa que la empresa est\u00e1 \u00ab explotando comercialmente datos personales confidenciales para fines publicitarios \u00bb. \u00abAlgo prohibido por el nuevo GDPR, y punible con multas equivalentes al cuatro por ciento del volumen de negocios anual de la compa\u00f1\u00eda\u00bb, se\u00f1alan. <\/p>\n<p>Adem\u00e1s estiman que el  coste estimado  para acceder a estos datos supone para Facebook  0,015 d\u00f3lares por usuario , una cifra irrisoria para el volumen de publicidad que mueve la compa\u00f1\u00eda. <\/p>\n<p>La UE  ya ha advertido a Facebook  sobre su incumplimiento a d\u00eda de hoy de la nueva ley europea, y este nuevo estudio afirma que solo si elimina de su lista de preferencias de anuncios todos los que se pueden utilizar para \u00abinferir en la orientaci\u00f3n pol\u00edtica, sexual, condiciones de salud, creencias relugiosas y origen \u00e9tnico\u00bb podr\u00eda cumplir con el GDPR. La n\u00famero dos de la compa\u00f1\u00eda,  Sheryl Sandberg , afirm\u00f3 en Bruselas que la plataforma se adaptar\u00eda a la  legislaci\u00f3n  y asegur\u00f3 que se facilitar\u00e1n los datos de sus usuarios a trav\u00e9s de un nuevo centro de privacidad \u00abque colocar\u00e1 en un solo lugar los ajustes principales y facilitar\u00e1 a la gente la gesti\u00f3n de su informaci\u00f3n\u00bb, aunque no se ha aportado m\u00e1s informaci\u00f3n al respecto. <\/p>\n<p>\u00a0 <\/p>\n","protected":false},"excerpt":{"rendered":"<p>Con el debate candente acerca de c\u00f3mo utiliza Facebook la <a href=\"https:\/\/sertv.gob.pa\/crisolfm\/facebook-posee-datos-personales-de-casi-la-mitad-de-los-europeos\/\"> [&#8230;]<\/a><\/p>\n","protected":false},"author":1,"featured_media":10968,"comment_status":"closed","ping_status":"closed","sticky":false,"template":"","format":"standard","meta":{"footnotes":""},"categories":[9],"tags":[],"class_list":["post-10967","post","type-post","status-publish","format-standard","has-post-thumbnail","hentry","category-varios"],"_links":{"self":[{"href":"https:\/\/sertv.gob.pa\/crisolfm\/wp-json\/wp\/v2\/posts\/10967","targetHints":{"allow":["GET"]}}],"collection":[{"href":"https:\/\/sertv.gob.pa\/crisolfm\/wp-json\/wp\/v2\/posts"}],"about":[{"href":"https:\/\/sertv.gob.pa\/crisolfm\/wp-json\/wp\/v2\/types\/post"}],"author":[{"embeddable":true,"href":"https:\/\/sertv.gob.pa\/crisolfm\/wp-json\/wp\/v2\/users\/1"}],"replies":[{"embeddable":true,"href":"https:\/\/sertv.gob.pa\/crisolfm\/wp-json\/wp\/v2\/comments?post=10967"}],"version-history":[{"count":0,"href":"https:\/\/sertv.gob.pa\/crisolfm\/wp-json\/wp\/v2\/posts\/10967\/revisions"}],"wp:featuredmedia":[{"embeddable":true,"href":"https:\/\/sertv.gob.pa\/crisolfm\/wp-json\/wp\/v2\/media\/10968"}],"wp:attachment":[{"href":"https:\/\/sertv.gob.pa\/crisolfm\/wp-json\/wp\/v2\/media?parent=10967"}],"wp:term":[{"taxonomy":"category","embeddable":true,"href":"https:\/\/sertv.gob.pa\/crisolfm\/wp-json\/wp\/v2\/categories?post=10967"},{"taxonomy":"post_tag","embeddable":true,"href":"https:\/\/sertv.gob.pa\/crisolfm\/wp-json\/wp\/v2\/tags?post=10967"}],"curies":[{"name":"wp","href":"https:\/\/api.w.org\/{rel}","templated":true}]}}