{"id":10969,"date":"2018-02-25T05:00:00","date_gmt":"2018-02-25T05:00:00","guid":{"rendered":""},"modified":"2018-02-25T05:00:00","modified_gmt":"2018-02-25T05:00:00","slug":"ue-exige-un-cargador-comun-para-todos-los-moviles","status":"publish","type":"post","link":"https:\/\/sertv.gob.pa\/crisolfm\/ue-exige-un-cargador-comun-para-todos-los-moviles\/","title":{"rendered":"UE exige un cargador com\u00fan para todos los m\u00f3viles"},"content":{"rendered":"<p>\n\u00bfTienes cargador de este m\u00f3vil?\u00bb era una pregunta muy recurrente cuando cada terminal ten\u00eda su propio conector, que cambiaba de un modelo a otro, sin importar que fuese de la misma compa\u00f1\u00eda. Cuando la mayor\u00eda de los fabricantes pasaron a utilizar el  microUSB  (menos Apple, que integr\u00f3  Lightning ), los usuarios respiraron tranquilos, al  finalizar ese \u00abcaos\u00bb  que supon\u00eda recargar la bater\u00eda de un m\u00f3vil. Ahora, la Uni\u00f3n Europea quiere que solo se utilice un tipo de cargador, y adem\u00e1s tiene la fuerza para conseguirlo. <\/p>\n<p> Desde 2014, la UE puede exigir que todas las compa\u00f1\u00edas  unifiquen la conexi\u00f3n de los dispositivos, y tras la introducci\u00f3n de un tercer conector, el USB Tipo C, parece que lo va a llevar a cabo.  En 2009 , el organismo europeo cre\u00f3 un documento en el que  obligaba a los fabricantes a armonizar los cargadores antes de 2011. Ahora vuelve a la carga, seg\u00fan ha confirmado  El\u017cbieta Bie\u0144kowska , actual comisaria europea para el Mercado \u00danico, quien ha afirmado que las anteriores iniciativas de las compa\u00f1\u00edas  \u00abno han sido satisfactorias\u00bb , por lo que la Comisi\u00f3n Europea estudiar\u00e1 los cauces para obligar a la industria a introducir un \u00fanico cargador. <\/p>\n<p>El elegido ser\u00eda el \u00faltimo de los conectores en llegar, el  USB Tipo C , que  incluso Apple tendr\u00eda que utilizar  en sus dispositivos por norma, aunque la compa\u00f1\u00eda de la manzana siempre ha encontrado la forma de disponer su propio conector. De salir adelante la propuesta, los fabricantes tendr\u00edan al menos dos a\u00f1os para llevar a cabo el cambio, por lo que  m\u00ednimo hasta 2020  seguir\u00e1n los tres tipos de cargadores. <\/p>\n<p>\u00a0 <\/p>\n","protected":false},"excerpt":{"rendered":"<p>\u00bfTienes cargador de este m\u00f3vil?\u00bb era una pregunta muy recurrente <a href=\"https:\/\/sertv.gob.pa\/crisolfm\/ue-exige-un-cargador-comun-para-todos-los-moviles\/\"> [&#8230;]<\/a><\/p>\n","protected":false},"author":1,"featured_media":10970,"comment_status":"closed","ping_status":"closed","sticky":false,"template":"","format":"standard","meta":{"footnotes":""},"categories":[9],"tags":[],"class_list":["post-10969","post","type-post","status-publish","format-standard","has-post-thumbnail","hentry","category-varios"],"_links":{"self":[{"href":"https:\/\/sertv.gob.pa\/crisolfm\/wp-json\/wp\/v2\/posts\/10969","targetHints":{"allow":["GET"]}}],"collection":[{"href":"https:\/\/sertv.gob.pa\/crisolfm\/wp-json\/wp\/v2\/posts"}],"about":[{"href":"https:\/\/sertv.gob.pa\/crisolfm\/wp-json\/wp\/v2\/types\/post"}],"author":[{"embeddable":true,"href":"https:\/\/sertv.gob.pa\/crisolfm\/wp-json\/wp\/v2\/users\/1"}],"replies":[{"embeddable":true,"href":"https:\/\/sertv.gob.pa\/crisolfm\/wp-json\/wp\/v2\/comments?post=10969"}],"version-history":[{"count":0,"href":"https:\/\/sertv.gob.pa\/crisolfm\/wp-json\/wp\/v2\/posts\/10969\/revisions"}],"wp:featuredmedia":[{"embeddable":true,"href":"https:\/\/sertv.gob.pa\/crisolfm\/wp-json\/wp\/v2\/media\/10970"}],"wp:attachment":[{"href":"https:\/\/sertv.gob.pa\/crisolfm\/wp-json\/wp\/v2\/media?parent=10969"}],"wp:term":[{"taxonomy":"category","embeddable":true,"href":"https:\/\/sertv.gob.pa\/crisolfm\/wp-json\/wp\/v2\/categories?post=10969"},{"taxonomy":"post_tag","embeddable":true,"href":"https:\/\/sertv.gob.pa\/crisolfm\/wp-json\/wp\/v2\/tags?post=10969"}],"curies":[{"name":"wp","href":"https:\/\/api.w.org\/{rel}","templated":true}]}}