{"id":10971,"date":"2018-02-26T15:48:57","date_gmt":"2018-02-26T15:48:57","guid":{"rendered":""},"modified":"2018-02-26T15:48:57","modified_gmt":"2018-02-26T15:48:57","slug":"sony-se-renueva-con-los-nuevos-xperia-xz2-y-xz2-compact","status":"publish","type":"post","link":"https:\/\/sertv.gob.pa\/crisolfm\/sony-se-renueva-con-los-nuevos-xperia-xz2-y-xz2-compact\/","title":{"rendered":"Sony se renueva con los nuevos Xperia XZ2 y XZ2 Compact"},"content":{"rendered":"<p>\nSony ha dado un giro en su dise\u00f1o y ha renovado la imagen de su gama de tel\u00e9fonos inteligentes Xperia con los nuevos modelos XZ2 y XZ2 Compact, que se suman a la moda de quitar los marcos al cuerpo al dispositivo, de tal modo que la pantalla ocupe casi toda su superficie. <\/p>\n<p>Los nuevos modelos los present\u00f3 en rueda de prensa el vicepresidente de Ventas y Marketing de Sony Mobile, Hideyuki Furumi, quien indic\u00f3 que el prop\u00f3sito de la empresa \u00a0japonesa es \u00abseguir innovando para ofrecer experiencias \u00fanicas\u00bb. <\/p>\n<p>El acto tuvo lugar en el marco del congreso mundial de m\u00f3viles, el Mobile World Congress, que abri\u00f3 \u00a0sus puertas en Barcelona. <\/p>\n<p>El nuevo dise\u00f1o, que tiene una pantalla de 5,7 pulgadas de formato 18:9, apuesta por la curvatura trasera, sit\u00faa el sensor de huella dactilar detr\u00e1s y un aspecto elegante que estar\u00e1 disponible en varios colores. <\/p>\n<p>Hideyuki resalt\u00f3 las prestaciones del nuevo smartphone a nivel de v\u00eddeo: ofrece la posibilidad de grabar en 4K y HDR de forma simult\u00e1nea, y mejora la capacidad de grabar a c\u00e1mara s\u00faper lenta (90 cuadros por segundo en Full HD -alta definici\u00f3n-). <\/p>\n<p>Otro de los atractivos del nuevo dispositivo es su \u00absistema de vibraci\u00f3n din\u00e1mica\u00bb: cuando se reproduce un v\u00eddeo, el tel\u00e9fono vibra en consonancia con lo que sucede en la pantalla, con el objetivo de que el usuario \u00absienta\u00bb lo mismo que ve. <\/p>\n<p>La resoluci\u00f3n de la pantalla es de 19 megap\u00edxeles, igual que en su predecesor, pero ha mejorado su procesador de imagen gracias al trabajo en alianza con Qualcomm. <\/p>\n<p>El sonido tambi\u00e9n es una de las apuestas de Sony en sus nuevos modelos de gama alta: mejora el sistema de est\u00e9reo, apuesta por el sonido envolvente e incrementa la potencia de sus altavoces. <\/p>\n<p>Por otra parte, Sony ha trabajado en el campo de la carga r\u00e1pida, tambi\u00e9n de forma inal\u00e1mbrica: con una base especial que se vende como accesorio se puede cargar la mitad de la bater\u00eda en una hora. <\/p>\n<p>En el caso de la versi\u00f3n compacta, la pantalla es de 5 pulgadas, un poco mayor que en los modelos anteriores, si bien el tama\u00f1o del tel\u00e9fono no aumenta porque el crecimiento se efect\u00faa en detrimento de los marcos, que desaparecen. <\/p>\n<p>En su interior, se halla un procesador Snapdragon 845 de Qualcomm apoyado por 4GB de RAM, y un espacio de memoria interno de 64 GB, ampliables con tarjetas de memoria micro SD. <\/p>\n<p>El precio de salida al mercado europeo de los dos modelos es de 799 euros para el XZ2 y de 599 euros para el XZ2 Compact, \u00fanicos precios revelados por Sony para unos tel\u00e9fonos que estar\u00e1n disponibles en todo el mundo en marzo. <\/p>\n","protected":false},"excerpt":{"rendered":"<p>Sony ha dado un giro en su dise\u00f1o y ha <a href=\"https:\/\/sertv.gob.pa\/crisolfm\/sony-se-renueva-con-los-nuevos-xperia-xz2-y-xz2-compact\/\"> [&#8230;]<\/a><\/p>\n","protected":false},"author":1,"featured_media":10972,"comment_status":"closed","ping_status":"closed","sticky":false,"template":"","format":"standard","meta":{"footnotes":""},"categories":[9],"tags":[],"class_list":["post-10971","post","type-post","status-publish","format-standard","has-post-thumbnail","hentry","category-varios"],"_links":{"self":[{"href":"https:\/\/sertv.gob.pa\/crisolfm\/wp-json\/wp\/v2\/posts\/10971","targetHints":{"allow":["GET"]}}],"collection":[{"href":"https:\/\/sertv.gob.pa\/crisolfm\/wp-json\/wp\/v2\/posts"}],"about":[{"href":"https:\/\/sertv.gob.pa\/crisolfm\/wp-json\/wp\/v2\/types\/post"}],"author":[{"embeddable":true,"href":"https:\/\/sertv.gob.pa\/crisolfm\/wp-json\/wp\/v2\/users\/1"}],"replies":[{"embeddable":true,"href":"https:\/\/sertv.gob.pa\/crisolfm\/wp-json\/wp\/v2\/comments?post=10971"}],"version-history":[{"count":0,"href":"https:\/\/sertv.gob.pa\/crisolfm\/wp-json\/wp\/v2\/posts\/10971\/revisions"}],"wp:featuredmedia":[{"embeddable":true,"href":"https:\/\/sertv.gob.pa\/crisolfm\/wp-json\/wp\/v2\/media\/10972"}],"wp:attachment":[{"href":"https:\/\/sertv.gob.pa\/crisolfm\/wp-json\/wp\/v2\/media?parent=10971"}],"wp:term":[{"taxonomy":"category","embeddable":true,"href":"https:\/\/sertv.gob.pa\/crisolfm\/wp-json\/wp\/v2\/categories?post=10971"},{"taxonomy":"post_tag","embeddable":true,"href":"https:\/\/sertv.gob.pa\/crisolfm\/wp-json\/wp\/v2\/tags?post=10971"}],"curies":[{"name":"wp","href":"https:\/\/api.w.org\/{rel}","templated":true}]}}