{"id":11027,"date":"2018-03-01T17:16:43","date_gmt":"2018-03-01T17:16:43","guid":{"rendered":""},"modified":"2018-03-01T17:16:43","modified_gmt":"2018-03-01T17:16:43","slug":"facebook-lanza-herramienta-de-busqueda-de-empleo-en-40-paises","status":"publish","type":"post","link":"https:\/\/sertv.gob.pa\/crisolfm\/facebook-lanza-herramienta-de-busqueda-de-empleo-en-40-paises\/","title":{"rendered":"Facebook lanza herramienta de b\u00fasqueda de empleo en 40 pa\u00edses"},"content":{"rendered":"<p>\nFacebook anunci\u00f3 hoy que su herramienta de b\u00fasqueda de empleo aterrizar\u00e1 en 40 nuevos pa\u00edses ahora que se cumple un a\u00f1o de su llegada a Estados Unidos y Canad\u00e1. <\/p>\n<p>La jefa de Asociaciones de Empleos y Servicios de Facebook, Francesca De Quesada Covey, explic\u00f3 a Efe que la iniciativa surgi\u00f3 luego de\u00a0 ver que los usuarios ya utilizaban la red social para buscar trabajo de manera informal, a trav\u00e9s de los grupos, las p\u00e1ginas o los perfiles personales. <\/p>\n<p>Las ofertas se podr\u00e1n publicar a trav\u00e9s de la aplicaci\u00f3n m\u00f3vil de Facebook (hasta ahora solo era posible a trav\u00e9s del ordenador) utilizando la herramienta \u00abEmpleos\u00bb y los candidatos podr\u00e1n suscribirse para recibir notificaciones cuando las empresas que le interesan est\u00e9n buscando personal. <\/p>\n<p>Las compa\u00f1\u00edas que quieran ponerse en contacto con los candidatos lo deber\u00e1n hacer a trav\u00e9s de Messenger, la aplicaci\u00f3n de mensajer\u00eda instant\u00e1nea de Facebook. De Quesada asegur\u00f3 que, seg\u00fan una encuesta que encarg\u00f3 la empresa y que entrevist\u00f3 a m\u00e1s de 5.000 estadounidenses, una de cada cuatro personas dice haber utilizado Facebook para buscar empleo. <\/p>\n<p>Adem\u00e1s, seg\u00fan datos de la firma, el 44 % de las pymes utiliza Facebook y, de estas, la mitad considera que ha podido contratar a m\u00e1s empleados gracias al crecimiento que ha conseguido con su presencia en esta red social. <\/p>\n<p>Entre los pa\u00edses a los que llega hoy la nueva herramienta de Facebook se hallan Espa\u00f1a, Brasil y M\u00e9xico, y pronto se podr\u00e1 utilizar en Uruguay, Costa Rica o Rep\u00fablica Dominicana.\u00a0 <\/p>\n<p>\u00a0 <\/p>\n","protected":false},"excerpt":{"rendered":"<p>Facebook anunci\u00f3 hoy que su herramienta de b\u00fasqueda de empleo <a href=\"https:\/\/sertv.gob.pa\/crisolfm\/facebook-lanza-herramienta-de-busqueda-de-empleo-en-40-paises\/\"> [&#8230;]<\/a><\/p>\n","protected":false},"author":1,"featured_media":11028,"comment_status":"closed","ping_status":"closed","sticky":false,"template":"","format":"standard","meta":{"footnotes":""},"categories":[9],"tags":[],"class_list":["post-11027","post","type-post","status-publish","format-standard","has-post-thumbnail","hentry","category-varios"],"_links":{"self":[{"href":"https:\/\/sertv.gob.pa\/crisolfm\/wp-json\/wp\/v2\/posts\/11027","targetHints":{"allow":["GET"]}}],"collection":[{"href":"https:\/\/sertv.gob.pa\/crisolfm\/wp-json\/wp\/v2\/posts"}],"about":[{"href":"https:\/\/sertv.gob.pa\/crisolfm\/wp-json\/wp\/v2\/types\/post"}],"author":[{"embeddable":true,"href":"https:\/\/sertv.gob.pa\/crisolfm\/wp-json\/wp\/v2\/users\/1"}],"replies":[{"embeddable":true,"href":"https:\/\/sertv.gob.pa\/crisolfm\/wp-json\/wp\/v2\/comments?post=11027"}],"version-history":[{"count":0,"href":"https:\/\/sertv.gob.pa\/crisolfm\/wp-json\/wp\/v2\/posts\/11027\/revisions"}],"wp:featuredmedia":[{"embeddable":true,"href":"https:\/\/sertv.gob.pa\/crisolfm\/wp-json\/wp\/v2\/media\/11028"}],"wp:attachment":[{"href":"https:\/\/sertv.gob.pa\/crisolfm\/wp-json\/wp\/v2\/media?parent=11027"}],"wp:term":[{"taxonomy":"category","embeddable":true,"href":"https:\/\/sertv.gob.pa\/crisolfm\/wp-json\/wp\/v2\/categories?post=11027"},{"taxonomy":"post_tag","embeddable":true,"href":"https:\/\/sertv.gob.pa\/crisolfm\/wp-json\/wp\/v2\/tags?post=11027"}],"curies":[{"name":"wp","href":"https:\/\/api.w.org\/{rel}","templated":true}]}}