{"id":11033,"date":"2018-03-01T19:30:05","date_gmt":"2018-03-01T19:30:05","guid":{"rendered":""},"modified":"2018-03-01T19:30:05","modified_gmt":"2018-03-01T19:30:05","slug":"chile-tendra-un-parque-marino-del-tamano-de-ecuador","status":"publish","type":"post","link":"https:\/\/sertv.gob.pa\/crisolfm\/chile-tendra-un-parque-marino-del-tamano-de-ecuador\/","title":{"rendered":"Chile tendr\u00e1 un parque marino del tama\u00f1o de Ecuador"},"content":{"rendered":"<p>\nCon la creaci\u00f3n de un gigantesco parque marino en el archipi\u00e9lago de Juan Fern\u00e1ndez y del parque nacional Pumal\u00edn en la Patagonia, la presidenta  Michelle Bachelet  sell\u00f3 este martes el ambicioso plan de conservaci\u00f3n que dejar\u00e1 como herencia. <\/p>\n<p>Dos semanas antes de entregar el poder al conservador Sebasti\u00e1n Pi\u00f1era, Bachelet firm\u00f3 la creaci\u00f3n del Parque Nacional Mar de Juan Fern\u00e1ndez y el de las Islas Diego Ram\u00edrez-Paso Drake, en la austral regi\u00f3n de la Magallanes, junto a las \u00c1reas Marinas Costeras Protegidas de M\u00faltiples Uso (AMCP-MU) en el seno de Almirantazgo en Tierra del Fuego; de Rapa Nui en la Isla de Pascua y en la localidad de Tortel (sur). <\/p>\n<p>En total son 262.000 km2 de parque marino y un \u00e1rea marina de m\u00faltiples usos de 24.000 km2, m\u00e1s grande que Ecuador, y que se suman a los 720.000 km2 protegidos en Isla de Pascua. <\/p>\n<p>Adicionalmente, cre\u00f3 el Parque Nacional de Pumal\u00edn, en la Patagonia chilena, tras la gigantesca donaci\u00f3n de tierras del fil\u00e1ntropo estadounidense Douglas Tompkins. <\/p>\n<p>\u00abEs s\u00faper emocionante lo que estamos viviendo hoy d\u00eda. Estamos coronado un hermoso proceso, al transformar la visi\u00f3n, voluntad y acci\u00f3n necesaria en proyectos de ley\u00bb, dijo Bachelet, en una de sus \u00faltimas ceremonias en el palacio de La Moneda antes de entregar el poder el 11 de marzo. <\/p>\n<p>De esta manera, se multiplica por diez la superficie marina protegida, que ha pasado en los 4 a\u00f1os de gobierno de la mandataria socialista del 4,3% al 42,4% de la superficie marina chilena, dejando un inmenso legado conservacionista. <\/p>\n<p>Dicho legado incluye 14 nuevas \u00e1reas marinas protegidas (ocho parques marinos y seis \u00e1reas marinas costeras) con una extensi\u00f3n de 1,31 millones de km2. <\/p>\n<p>\u00abSiempre se van a acordar de este hito. Los parques marinos creados van a ser laboratorios\u00bb para el mundo, manifest\u00f3 a la  AFP  Liesbeth van der Meer, directora de la organizaci\u00f3n ambientalista Oceana Chile. <\/p>\n<p>\u00abSon un hito en la historia de la conservaci\u00f3n de la naturaleza\u00bb, resalt\u00f3 de su lado Ricardo Bosshard, director de WWF Chile. (I) <\/p>\n<p>\u00a0 <\/p>\n<p>\u00a0 <\/p>\n","protected":false},"excerpt":{"rendered":"<p>Con la creaci\u00f3n de un gigantesco parque marino en el <a href=\"https:\/\/sertv.gob.pa\/crisolfm\/chile-tendra-un-parque-marino-del-tamano-de-ecuador\/\"> [&#8230;]<\/a><\/p>\n","protected":false},"author":1,"featured_media":11034,"comment_status":"closed","ping_status":"closed","sticky":false,"template":"","format":"standard","meta":{"footnotes":""},"categories":[7],"tags":[],"class_list":["post-11033","post","type-post","status-publish","format-standard","has-post-thumbnail","hentry","category-ecologicas"],"_links":{"self":[{"href":"https:\/\/sertv.gob.pa\/crisolfm\/wp-json\/wp\/v2\/posts\/11033","targetHints":{"allow":["GET"]}}],"collection":[{"href":"https:\/\/sertv.gob.pa\/crisolfm\/wp-json\/wp\/v2\/posts"}],"about":[{"href":"https:\/\/sertv.gob.pa\/crisolfm\/wp-json\/wp\/v2\/types\/post"}],"author":[{"embeddable":true,"href":"https:\/\/sertv.gob.pa\/crisolfm\/wp-json\/wp\/v2\/users\/1"}],"replies":[{"embeddable":true,"href":"https:\/\/sertv.gob.pa\/crisolfm\/wp-json\/wp\/v2\/comments?post=11033"}],"version-history":[{"count":0,"href":"https:\/\/sertv.gob.pa\/crisolfm\/wp-json\/wp\/v2\/posts\/11033\/revisions"}],"wp:featuredmedia":[{"embeddable":true,"href":"https:\/\/sertv.gob.pa\/crisolfm\/wp-json\/wp\/v2\/media\/11034"}],"wp:attachment":[{"href":"https:\/\/sertv.gob.pa\/crisolfm\/wp-json\/wp\/v2\/media?parent=11033"}],"wp:term":[{"taxonomy":"category","embeddable":true,"href":"https:\/\/sertv.gob.pa\/crisolfm\/wp-json\/wp\/v2\/categories?post=11033"},{"taxonomy":"post_tag","embeddable":true,"href":"https:\/\/sertv.gob.pa\/crisolfm\/wp-json\/wp\/v2\/tags?post=11033"}],"curies":[{"name":"wp","href":"https:\/\/api.w.org\/{rel}","templated":true}]}}