{"id":11047,"date":"2018-03-03T05:00:00","date_gmt":"2018-03-03T05:00:00","guid":{"rendered":""},"modified":"2018-03-03T05:00:00","modified_gmt":"2018-03-03T05:00:00","slug":"facebook-podras-seguir-viendo-noticias-en-tu-muro","status":"publish","type":"post","link":"https:\/\/sertv.gob.pa\/crisolfm\/facebook-podras-seguir-viendo-noticias-en-tu-muro\/","title":{"rendered":"Facebook: podr\u00e1s seguir viendo noticias en tu muro"},"content":{"rendered":"<p>\nCon el nuevo a\u00f1o,  Mark Zuckerberg , el creador de Facebook, se propuso  \u00abarreglar\u00bb su red social  para, precisamente, hacerla \u00abm\u00e1s social\u00bb. Para ello, anunci\u00f3 varios cambios, como que el algoritmo priorizar\u00eda las publicaciones de contactos por delante de las de medios de comunicaci\u00f3n o p\u00e1ginas de compa\u00f1\u00edas privadas, una medida que  cre\u00f3 recelo en la comunidad . Adem\u00e1s, se anunci\u00f3 que se estudiaba la posibilidad de  separar por completo ambos tipos de post, creando un \u00abfeed\u00bb  (la pantalla en la que a los usuarios les aparecen todas sus publicaciones al abrir la aplicaci\u00f3n)  alternativo  en el que  solo aparecieran noticias . <\/p>\n<p>Dos meses despu\u00e9s, Facebook recula. Tras probar en varios pa\u00edses la funci\u00f3n llamada \u00abExplore Feed\u00bb, la red social da por acabado el experimento, tal y como ha manifestado  Adam Mosseri , responsable de Noticias de la compa\u00f1\u00eda,  a trav\u00e9s del blog oficial de Facebook . \u00abConstantemente probamos nuevas funciones, cambios de dise\u00f1o y actualizaciones de clasificaci\u00f3n para comprender c\u00f3mo podemos mejorar Facebook para todos. Algunos de estos cambios, como Reacciones, Video en vivo y GIF, funcionan bien y pasan a estar disponibles en todo el mundo.  Otros no y los abandonamos . Hoy estamos terminando con una de esas pruebas: Explore Feed\u00bb, ha asegurado el responsable, que explica que este ensayo estuvo motivado por los \u00ab constantes comentarios \u00bb que la compa\u00f1\u00eda recibi\u00f3 afirmando que quer\u00edan ver m\u00e1s publicaciones de amigos. <\/p>\n<p>La prueba se ha llevado a cabo en seis pa\u00edses y tras preguntar a sus usuarios, se lleg\u00f3 a la conclusi\u00f3n de que \u00ab las personas no quieren dos \u00abfeeds\u00bb separados \u00bb. \u00abEn las encuestas, nos dijeron que estaban menos satisfechas con las publicaciones que estaban viendo, y que tener dos \u00abfeeds\u00bb separados en realidad  no los ayudaba a conectarse m\u00e1s con amigos y familiares \u00bb, afirma Mosseri en su comunicado. <\/p>\n<p>Por ello, desde Facebook se limitar\u00e1n solo al cambio de algoritmo, pero no a separar f\u00edsicamente los dos tipos de contenidos. \u00abEsos cambios significan menos contenido p\u00fablico en las noticias como publicaciones de negocios, marcas y medios\u00bb, asegura el responsable de noticias. \u00ab Concluimos que \u00abExplorer feed\u00bb no es una forma efectiva  para que las personas descubran contenido nuevo en Facebook\u00bb. <\/p>\n<p>Con el descarte de esta funci\u00f3n, parece que los usuarios no observar\u00e1n (de momento) muchos cambios al abrir su cuenta de Facebook. <\/p>\n<p>\u00a0 <\/p>\n","protected":false},"excerpt":{"rendered":"<p>Con el nuevo a\u00f1o, Mark Zuckerberg , el creador de <a href=\"https:\/\/sertv.gob.pa\/crisolfm\/facebook-podras-seguir-viendo-noticias-en-tu-muro\/\"> [&#8230;]<\/a><\/p>\n","protected":false},"author":1,"featured_media":11048,"comment_status":"closed","ping_status":"closed","sticky":false,"template":"","format":"standard","meta":{"footnotes":""},"categories":[9],"tags":[],"class_list":["post-11047","post","type-post","status-publish","format-standard","has-post-thumbnail","hentry","category-varios"],"_links":{"self":[{"href":"https:\/\/sertv.gob.pa\/crisolfm\/wp-json\/wp\/v2\/posts\/11047","targetHints":{"allow":["GET"]}}],"collection":[{"href":"https:\/\/sertv.gob.pa\/crisolfm\/wp-json\/wp\/v2\/posts"}],"about":[{"href":"https:\/\/sertv.gob.pa\/crisolfm\/wp-json\/wp\/v2\/types\/post"}],"author":[{"embeddable":true,"href":"https:\/\/sertv.gob.pa\/crisolfm\/wp-json\/wp\/v2\/users\/1"}],"replies":[{"embeddable":true,"href":"https:\/\/sertv.gob.pa\/crisolfm\/wp-json\/wp\/v2\/comments?post=11047"}],"version-history":[{"count":0,"href":"https:\/\/sertv.gob.pa\/crisolfm\/wp-json\/wp\/v2\/posts\/11047\/revisions"}],"wp:featuredmedia":[{"embeddable":true,"href":"https:\/\/sertv.gob.pa\/crisolfm\/wp-json\/wp\/v2\/media\/11048"}],"wp:attachment":[{"href":"https:\/\/sertv.gob.pa\/crisolfm\/wp-json\/wp\/v2\/media?parent=11047"}],"wp:term":[{"taxonomy":"category","embeddable":true,"href":"https:\/\/sertv.gob.pa\/crisolfm\/wp-json\/wp\/v2\/categories?post=11047"},{"taxonomy":"post_tag","embeddable":true,"href":"https:\/\/sertv.gob.pa\/crisolfm\/wp-json\/wp\/v2\/tags?post=11047"}],"curies":[{"name":"wp","href":"https:\/\/api.w.org\/{rel}","templated":true}]}}