{"id":11101,"date":"2018-03-08T18:37:08","date_gmt":"2018-03-08T18:37:08","guid":{"rendered":""},"modified":"2018-03-08T18:37:08","modified_gmt":"2018-03-08T18:37:08","slug":"guerra-de-los-moviles-pasa-al-campo-de-la-inteligencia-artificial","status":"publish","type":"post","link":"https:\/\/sertv.gob.pa\/crisolfm\/guerra-de-los-moviles-pasa-al-campo-de-la-inteligencia-artificial\/","title":{"rendered":"Guerra de los m\u00f3viles pasa al campo de la inteligencia artificial"},"content":{"rendered":"<p>\nLa competencia en la industria tecnol\u00f3gica por fabricar el mejor tel\u00e9fono inteligente dej\u00f3 de centrarse en las caracter\u00edsticas f\u00edsicas y ahora se libra con software que mejore su uso, como la Inteligencia Artificial, seg\u00fan la firma china Huawei. <\/p>\n<p>El director de relaciones p\u00fablicas de la empresa para Latinoam\u00e9rica, David Moheno, reconoci\u00f3 en una entrevista con  Efe  que \u00abesta guerra en el sector de los &#8216;smartphones&#8217; ya no se est\u00e1 peleando con gigabytes (GB), megabytes, megahertz o megap\u00edxeles\u00bb, sino \u00abcon tecnolog\u00edas que de verdad hagan una diferencia en el uso\u00bb de los equipos. <\/p>\n<p>Para la fabricante, dijo el ejecutivo mexicano, \u00abla Inteligencia Artificial (IA) tiene ese poder\u00bb, el de \u00abmejorar no solamente el &#8216;performance&#8217; sino de hacer la interacci\u00f3n totalmente intuitiva\u00bb. <\/p>\n<p>\u00abEsta tecnolog\u00eda (la IA) tiene el poder de ser un catalizador para verdaderamente transformar la forma en la que utilizamos el &#8216;smartphone&#8217; o interactuamos con \u00e9l\u00bb, ya que el tel\u00e9fono \u00abaprende\u00bb y se anticipa a las necesidades del usuario, a\u00f1adi\u00f3. <\/p>\n<p>\u00abLa IA, en general y a nivel industria, tiene el poder de quitarle la carga al usuario de tener que tomar microdecisiones diarias\u00bb, una caracter\u00edstica que ahora obsesiona a una marca que dice poseer una cuota del mercado mundial de cerca del 9 %, dijo. <\/p>\n<p>Una muestra de ello es la incursi\u00f3n de la tecnol\u00f3gica china en el hardware para su aprovechamiento, que ahora se ha hecho presente en los procesadores de sus tel\u00e9fonos de gama alta, algo que sigue sin un equivalente entre sus rivales en el sector. <\/p>\n<p>Huawei present\u00f3 en octubre de 2017 en la IFA de Berl\u00edn, una de las mayores ferias de tecnolog\u00eda de consumo del mundo, el procesador Kirin 970, el primero para tel\u00e9fonos m\u00f3viles capaz de soportar IA en el propio \u00absmartphone\u00bb y contenido en su nuevo \u00abbuque insignia\u00bb: el tel\u00e9fono inteligente Mate 10 Pro. <\/p>\n<p>\u00abLa conclusi\u00f3n de Huawei no fue &#8216;vamos a darle m\u00e1s megapixeles a la c\u00e1mara, vamos a hacer una bater\u00eda m\u00e1s grande, vamos a ponerle m\u00e1s memoria RAM&#8217;. No, la conclusi\u00f3n fue: &#8216;vamos a trabajar en una tecnolog\u00eda que pueda resolver de golpe estos tres hitos'\u00bb, explic\u00f3. <\/p>\n<p>El ejecutivo matiz\u00f3 que \u00abhablar de IA en los tel\u00e9fonos no es nuevo, porque se han hecho aproximaciones sobre todo en asistentes virtuales\u00bb, pero Huawei dio un \u00abgolpe de innovaci\u00f3n\u00bb al \u00abquerer llevarlo a bordo de los dispositivos\u00bb, lo que ahora es considerado como una senda por seguir para la industria. <\/p>\n<p>\u00abEmpezamos hace muchos a\u00f1os con tecnolog\u00edas de conectividad como 2G y 3G, donde todo era solo compartir mensajer\u00eda. Ahora el 4G y las tecnolog\u00edas subsecuentes nos han permitido hacer del &#8216;smartphone&#8217; un &#8216;hub&#8217; de vida\u00bb, consider\u00f3. <\/p>\n<p>\u00abY las aplicaciones de la IA no terminan ah\u00ed y seguir\u00e1n mejorando la experiencia del usuario\u00bb, sentenci\u00f3. <\/p>\n<p>En esa l\u00ednea, el ejecutivo record\u00f3 que el pasado 23 de febrero la compa\u00f1\u00eda fue capaz de transformar en el Mobile World Congress de Barcelona un Porsche Panamera en un veh\u00edculo aut\u00f3nomo mediante su nuevo tel\u00e9fono estrella al aprovechar la IA para hacerle entender al dispositivo los est\u00edmulos de su alrededor. <\/p>\n<p>\u00abEsto forma parte del inter\u00e9s de la compa\u00f1\u00eda en seguir siendo l\u00edder de innovaci\u00f3n\u00bb con un ecosistema que tambi\u00e9n incluye computadoras y tabletas en las que no se descarta incluir la inteligencia artificial como principal ingrediente, detall\u00f3. <\/p>\n<p>Precisamente, la firma china tambi\u00e9n lanz\u00f3 en Barcelona su nuevo port\u00e1til ultrafino de alta gama, el Huawei MateBook X Pro, con una pantalla t\u00e1ctil que cubre el 91 % de la superficie y una c\u00e1mara web oculta en el teclado, as\u00ed como dos nuevas tabletas. <\/p>\n<p>La fabricante tambi\u00e9n adelant\u00f3 que presentar\u00e1 en Par\u00eds el pr\u00f3ximo 27 de marzo sus nuevos m\u00f3viles Huawei P20 y P20 Plus, que seg\u00fan filtraciones podr\u00edan incluir una c\u00e1mara triple trasera mejorada con Inteligencia Artificial. <\/p>\n<p>\u00a0 <\/p>\n","protected":false},"excerpt":{"rendered":"<p>La competencia en la industria tecnol\u00f3gica por fabricar el mejor <a href=\"https:\/\/sertv.gob.pa\/crisolfm\/guerra-de-los-moviles-pasa-al-campo-de-la-inteligencia-artificial\/\"> [&#8230;]<\/a><\/p>\n","protected":false},"author":1,"featured_media":11102,"comment_status":"closed","ping_status":"closed","sticky":false,"template":"","format":"standard","meta":{"footnotes":""},"categories":[9],"tags":[],"class_list":["post-11101","post","type-post","status-publish","format-standard","has-post-thumbnail","hentry","category-varios"],"_links":{"self":[{"href":"https:\/\/sertv.gob.pa\/crisolfm\/wp-json\/wp\/v2\/posts\/11101","targetHints":{"allow":["GET"]}}],"collection":[{"href":"https:\/\/sertv.gob.pa\/crisolfm\/wp-json\/wp\/v2\/posts"}],"about":[{"href":"https:\/\/sertv.gob.pa\/crisolfm\/wp-json\/wp\/v2\/types\/post"}],"author":[{"embeddable":true,"href":"https:\/\/sertv.gob.pa\/crisolfm\/wp-json\/wp\/v2\/users\/1"}],"replies":[{"embeddable":true,"href":"https:\/\/sertv.gob.pa\/crisolfm\/wp-json\/wp\/v2\/comments?post=11101"}],"version-history":[{"count":0,"href":"https:\/\/sertv.gob.pa\/crisolfm\/wp-json\/wp\/v2\/posts\/11101\/revisions"}],"wp:featuredmedia":[{"embeddable":true,"href":"https:\/\/sertv.gob.pa\/crisolfm\/wp-json\/wp\/v2\/media\/11102"}],"wp:attachment":[{"href":"https:\/\/sertv.gob.pa\/crisolfm\/wp-json\/wp\/v2\/media?parent=11101"}],"wp:term":[{"taxonomy":"category","embeddable":true,"href":"https:\/\/sertv.gob.pa\/crisolfm\/wp-json\/wp\/v2\/categories?post=11101"},{"taxonomy":"post_tag","embeddable":true,"href":"https:\/\/sertv.gob.pa\/crisolfm\/wp-json\/wp\/v2\/tags?post=11101"}],"curies":[{"name":"wp","href":"https:\/\/api.w.org\/{rel}","templated":true}]}}