{"id":11103,"date":"2018-03-08T18:46:04","date_gmt":"2018-03-08T18:46:04","guid":{"rendered":""},"modified":"2018-03-08T18:46:04","modified_gmt":"2018-03-08T18:46:04","slug":"blackberry-demanda-a-facebook","status":"publish","type":"post","link":"https:\/\/sertv.gob.pa\/crisolfm\/blackberry-demanda-a-facebook\/","title":{"rendered":"Blackberry demanda a Facebook"},"content":{"rendered":"<p>\nLa tecnol\u00f3gica canadiense Blackberry demand\u00f3 por violaci\u00f3n de patente en una corte federal de California a Facebook y a sus subsidiarias Instagram y WhatsApp, a las que acusa de utilizar su tecnolog\u00eda de mensajer\u00eda m\u00f3vil. <\/p>\n<p>En un comunicado remitido a  Efe , la firma expres\u00f3 tener un \u00abfuerte reclamo\u00bb contra Facebook por infringir su \u00abpropiedad intelectual\u00bb, y asegur\u00f3 que busca una soluci\u00f3n legal y apropiada a \u00abvarios a\u00f1os de di\u00e1logo\u00bb por el bien de sus accionistas. Blackberry busca una orden judicial que fuerce a la compa\u00f1\u00eda fundada por Mark Zuckerberg a cerrar aplicaciones y p\u00e1ginas web, entre ellas Facebook, Facebook Messenger, WhatsApp e Instagram, adem\u00e1s de una indemnizaci\u00f3n de cuant\u00eda no especificada, recoge la revista  Variety . <\/p>\n<p>Seg\u00fan la demanda, Blackberry alega que la importante tecnol\u00f3gica y sus subsidiarias han creado aplicaciones de mensajer\u00eda que usan siete de sus patentes en \u00e1mbitos como la seguridad, la interfaz de usuario o la eficiencia de la bater\u00eda, aunque igualmente se mostr\u00f3 abierta a colaborar. La marca fundada en 1984, que hace una d\u00e9cada dominaba el mercado m\u00f3vil y ahora se centra en los servicios de software y ciberseguridad, se\u00f1al\u00f3 en su nota que tiene \u00abmucho respeto por Facebook y por el valor que han puesto en las capacidades de mensajer\u00eda, algunas de las cuales fueron inventadas por Blackberry\u00bb. <\/p>\n<p>\u00abComo l\u00edder de la ciberseguridad y el software integrado, la perspectiva de Blackberry es que Facebook, Instagram y WhatsApp podr\u00edan ser grandes socios en nuestro camino hacia un futuro conectado y seguro, y seguimos manteni\u00e9ndoles la puerta abierta\u00bb, matiz\u00f3. <\/p>\n<p>Por su parte, Facebook respondi\u00f3 a la noticia de la demanda a trav\u00e9s de su consejero general adjunto, Paul Grewal, quien manifest\u00f3 al portal Recode que esa acci\u00f3n legal \u00abtristemente refleja el estado actual del negocio de mensajer\u00eda\u00bb de Blackberry. \u00abHabiendo abandonado sus esfuerzos por innovar, Blackberry ahora busca gravar la innovaci\u00f3n de otros. Pretendemos disputarlo\u00bb, coment\u00f3 Grewal. <\/p>\n<p>A este respecto, la firma neg\u00f3 que su \u00abestrategia\u00bb sea perseguir a otras empresas por violaci\u00f3n de patente: \u00abProteger los activos de los accionistas y la propiedad intelectual es el trabajo de todo CEO, no es central para nada en la estrategia de Blackberry\u00bb.\u00a0 <\/p>\n<p>\u00a0 <\/p>\n","protected":false},"excerpt":{"rendered":"<p>La tecnol\u00f3gica canadiense Blackberry demand\u00f3 por violaci\u00f3n de patente en <a href=\"https:\/\/sertv.gob.pa\/crisolfm\/blackberry-demanda-a-facebook\/\"> [&#8230;]<\/a><\/p>\n","protected":false},"author":1,"featured_media":11104,"comment_status":"closed","ping_status":"closed","sticky":false,"template":"","format":"standard","meta":{"footnotes":""},"categories":[9],"tags":[],"class_list":["post-11103","post","type-post","status-publish","format-standard","has-post-thumbnail","hentry","category-varios"],"_links":{"self":[{"href":"https:\/\/sertv.gob.pa\/crisolfm\/wp-json\/wp\/v2\/posts\/11103","targetHints":{"allow":["GET"]}}],"collection":[{"href":"https:\/\/sertv.gob.pa\/crisolfm\/wp-json\/wp\/v2\/posts"}],"about":[{"href":"https:\/\/sertv.gob.pa\/crisolfm\/wp-json\/wp\/v2\/types\/post"}],"author":[{"embeddable":true,"href":"https:\/\/sertv.gob.pa\/crisolfm\/wp-json\/wp\/v2\/users\/1"}],"replies":[{"embeddable":true,"href":"https:\/\/sertv.gob.pa\/crisolfm\/wp-json\/wp\/v2\/comments?post=11103"}],"version-history":[{"count":0,"href":"https:\/\/sertv.gob.pa\/crisolfm\/wp-json\/wp\/v2\/posts\/11103\/revisions"}],"wp:featuredmedia":[{"embeddable":true,"href":"https:\/\/sertv.gob.pa\/crisolfm\/wp-json\/wp\/v2\/media\/11104"}],"wp:attachment":[{"href":"https:\/\/sertv.gob.pa\/crisolfm\/wp-json\/wp\/v2\/media?parent=11103"}],"wp:term":[{"taxonomy":"category","embeddable":true,"href":"https:\/\/sertv.gob.pa\/crisolfm\/wp-json\/wp\/v2\/categories?post=11103"},{"taxonomy":"post_tag","embeddable":true,"href":"https:\/\/sertv.gob.pa\/crisolfm\/wp-json\/wp\/v2\/tags?post=11103"}],"curies":[{"name":"wp","href":"https:\/\/api.w.org\/{rel}","templated":true}]}}