{"id":11289,"date":"2018-03-25T05:00:00","date_gmt":"2018-03-25T05:00:00","guid":{"rendered":""},"modified":"2018-03-25T05:00:00","modified_gmt":"2018-03-25T05:00:00","slug":"apple-fabricara-por-primera-vez-sus-propias-pantallas","status":"publish","type":"post","link":"https:\/\/sertv.gob.pa\/crisolfm\/apple-fabricara-por-primera-vez-sus-propias-pantallas\/","title":{"rendered":"Apple fabricar\u00e1 por primera vez sus propias pantallas"},"content":{"rendered":"<p>\n  Apple   est\u00e1 trabajando en el desarrollo de sus propias pantallas  MicroLED  de \u00faltima generaci\u00f3n, lo que supondr\u00eda  la primera vez que la empresa fabrica este componente . La compa\u00f1\u00eda est\u00e1 produciendo peque\u00f1as cantidades de paneles en una instalaci\u00f3n secreta, para ser sometidos a pruebas. <\/p>\n<p>Por primera vez en su historia, Apple est\u00e1 desarrollando sus propias pantallas para dispositivos, seg\u00fan han confirmado fuentes an\u00f3nimas a Bloomberg. La compa\u00f1\u00eda estadounidense est\u00e1 utilizando un espacio secreto cercano a su sede de Santa Clara, en California (Estados Unidos), para producir peque\u00f1as cantidades de unidades para ser  sometidas a pruebas . <\/p>\n<p>En concreto, Apple pretende desarrollar sus propios paneles MicroLED de \u00faltima generaci\u00f3n, para lo que ha hecho una importante inversi\u00f3n econ\u00f3mica. Estas pantallas  utilizan emisores de luz distintos a los de las actuales OLED , y prev\u00e9n habilitar dispositivos m\u00e1s delgados, luminosos y eficientes, pero acarrean un proceso de producci\u00f3n mucho m\u00e1s complejo que motiv\u00f3 que la compa\u00f1\u00eda valorase cancelar el proyecto hace aproximadamente un a\u00f1o. <\/p>\n<p>Sin embargo, los ingenieros de Apple han logrado avances significativos en el desarrollo, de modo que este se encuentra ya en una fase avanzada. Las fuentes han asegurado que estas pantallas MicroLED podr\u00edan llegar al mercado en pocos a\u00f1os. <\/p>\n<p>Este cambio de estrategia podr\u00eda perjudicar a otros fabricantes como  Samsung ,  Japan Display ,  Sharp  o LG, adem\u00e1s de compa\u00f1\u00edas relacionadas como Synaptics o Universal Display, como ha explicado Bloomberg.  De  hecho, el &#8216;smartphone&#8217; buque insignia de Apple, el   iPhone X  , presenta una pantalla OLED fabricada por Samsung. <\/p>\n<p>El proyecto de la compa\u00f1\u00eda estadounidense recibe el nombre en clave de T159 y est\u00e1 liderado por Lynn Young, quien ya particip\u00f3 en el desarrollo de pantallas t\u00e1ctiles para los primeros modelos de iPhone y iPad, y lidera el trabajo en la tecnolog\u00eda de paneles de los iPhone y los Apple Watch.  Unos 300 ingenieros est\u00e1 trabajando en el dise\u00f1o y producci\u00f3n de estas pantallas de prueba . <\/p>\n<p>Seg\u00fan ha relatado Bloomberg, Apple logr\u00f3 fabricar a finales del pasado a\u00f1o su primera pantalla MicroLED completamente funcional, pensada para Apple Watch. La compa\u00f1\u00eda planea que sus &#8216;wearables&#8217; sean los primeros dispositivos en integrar estos componentes propios. <\/p>\n<p>\u00a0 <\/p>\n","protected":false},"excerpt":{"rendered":"<p>Apple est\u00e1 trabajando en el desarrollo de sus propias pantallas <a href=\"https:\/\/sertv.gob.pa\/crisolfm\/apple-fabricara-por-primera-vez-sus-propias-pantallas\/\"> [&#8230;]<\/a><\/p>\n","protected":false},"author":1,"featured_media":11290,"comment_status":"closed","ping_status":"closed","sticky":false,"template":"","format":"standard","meta":{"footnotes":""},"categories":[9],"tags":[],"class_list":["post-11289","post","type-post","status-publish","format-standard","has-post-thumbnail","hentry","category-varios"],"_links":{"self":[{"href":"https:\/\/sertv.gob.pa\/crisolfm\/wp-json\/wp\/v2\/posts\/11289","targetHints":{"allow":["GET"]}}],"collection":[{"href":"https:\/\/sertv.gob.pa\/crisolfm\/wp-json\/wp\/v2\/posts"}],"about":[{"href":"https:\/\/sertv.gob.pa\/crisolfm\/wp-json\/wp\/v2\/types\/post"}],"author":[{"embeddable":true,"href":"https:\/\/sertv.gob.pa\/crisolfm\/wp-json\/wp\/v2\/users\/1"}],"replies":[{"embeddable":true,"href":"https:\/\/sertv.gob.pa\/crisolfm\/wp-json\/wp\/v2\/comments?post=11289"}],"version-history":[{"count":0,"href":"https:\/\/sertv.gob.pa\/crisolfm\/wp-json\/wp\/v2\/posts\/11289\/revisions"}],"wp:featuredmedia":[{"embeddable":true,"href":"https:\/\/sertv.gob.pa\/crisolfm\/wp-json\/wp\/v2\/media\/11290"}],"wp:attachment":[{"href":"https:\/\/sertv.gob.pa\/crisolfm\/wp-json\/wp\/v2\/media?parent=11289"}],"wp:term":[{"taxonomy":"category","embeddable":true,"href":"https:\/\/sertv.gob.pa\/crisolfm\/wp-json\/wp\/v2\/categories?post=11289"},{"taxonomy":"post_tag","embeddable":true,"href":"https:\/\/sertv.gob.pa\/crisolfm\/wp-json\/wp\/v2\/tags?post=11289"}],"curies":[{"name":"wp","href":"https:\/\/api.w.org\/{rel}","templated":true}]}}