{"id":11293,"date":"2018-03-26T18:41:29","date_gmt":"2018-03-26T18:41:29","guid":{"rendered":""},"modified":"2018-03-26T18:41:29","modified_gmt":"2018-03-26T18:41:29","slug":"zuckerberg-pide-perdon-a-britanicos-por-filtracion-de-datos","status":"publish","type":"post","link":"https:\/\/sertv.gob.pa\/crisolfm\/zuckerberg-pide-perdon-a-britanicos-por-filtracion-de-datos\/","title":{"rendered":"Zuckerberg pide perd\u00f3n a brit\u00e1nicos por filtraci\u00f3n de datos"},"content":{"rendered":"<p>\nEl fundador de Facebook, Mark Zuckerberg, pidi\u00f3 \u00a0perd\u00f3n a los brit\u00e1nicos por la filtraci\u00f3n de datos de la consultora Cambridge Analytica, mediante un anuncio publicado en varios peri\u00f3dicos del Reino Unido. <\/p>\n<p>\u00abTenemos la responsabilidad de proteger su informaci\u00f3n. Si no podemos hacerlo, no la merecemos\u00bb, afirma el estadounidense Zuckerberg en su carta de disculpa, escrita en negro sobre fondo blanco, con un peque\u00f1o logo de la empresa y que ocupa una p\u00e1gina completa de publicidad en rotativos como \u00abThe Observer\u00bb. <\/p>\n<p>Zuckerberg publica esta nota luego de que esta semana se destapara el esc\u00e1ndalo de la filtraci\u00f3n de datos de m\u00e1s de 50 millones de usuarios de Facebook a Cambridge Analytica (CA), la consultora brit\u00e1nica vinculada a la campa\u00f1a electoral en 2016 del ahora presidente de Estados Unidos, Donald Trump. <\/p>\n<p>En la carta de disculpa, el directivo de la red social admite que falt\u00f3 a la confianza de los usuarios al permitir que una aplicaci\u00f3n, desarrollada por el catedr\u00e1tico de la Universidad de Cambridge Aleksandr Kogan, recabara datos para CA y lament\u00f3 no haber hecho \u00abm\u00e1s al respecto\u00bb. <\/p>\n<p>\u00abEstamos dando los pasos necesarios para que esto no vuelva a ocurrir\u00bb, asegura, un d\u00eda despu\u00e9s de que investigadores de la Oficina del Comisionado de Informaci\u00f3n brit\u00e1nica registraran durante siete horas las instalaciones de Cambridge Analytica en Londres en busca de pruebas. <\/p>\n<p>Zuckerberg, cuya firma ha perdido m\u00e1s de 50.000 millones de d\u00f3lares (40.462 millones de euros) de su valor de mercado desde las acusaciones, afirma que Facebook aportar\u00e1 a los usuarios m\u00e1s informaci\u00f3n sobre qui\u00e9n puede acceder a sus datos <\/p>\n<p>\u00abGracias por creer en esa comunidad. Prometo hacerlo mejor por vosotros\u00bb, concluye. <\/p>\n<p>El responsable de la red social ya se disculp\u00f3 el pasado mi\u00e9rcoles por lo sucedido y se mostr\u00f3 dispuesto a declarar ante el Congreso de Estados Unidos, pero el ministro brit\u00e1nico de Cultura, Matt Hancock, consider\u00f3 su respuesta \u00abinsuficiente\u00bb. <\/p>\n<p>En opini\u00f3n de Hancock, los cambios anunciados por Zuckerberg, quien ha sido llamado a declarar ante un comit\u00e9 del Parlamento brit\u00e1nico, \u00abno van lo suficientemente lejos\u00bb.\u00a0 <\/p>\n","protected":false},"excerpt":{"rendered":"<p>El fundador de Facebook, Mark Zuckerberg, pidi\u00f3 \u00a0perd\u00f3n a los <a href=\"https:\/\/sertv.gob.pa\/crisolfm\/zuckerberg-pide-perdon-a-britanicos-por-filtracion-de-datos\/\"> [&#8230;]<\/a><\/p>\n","protected":false},"author":1,"featured_media":11294,"comment_status":"closed","ping_status":"closed","sticky":false,"template":"","format":"standard","meta":{"footnotes":""},"categories":[9],"tags":[],"class_list":["post-11293","post","type-post","status-publish","format-standard","has-post-thumbnail","hentry","category-varios"],"_links":{"self":[{"href":"https:\/\/sertv.gob.pa\/crisolfm\/wp-json\/wp\/v2\/posts\/11293","targetHints":{"allow":["GET"]}}],"collection":[{"href":"https:\/\/sertv.gob.pa\/crisolfm\/wp-json\/wp\/v2\/posts"}],"about":[{"href":"https:\/\/sertv.gob.pa\/crisolfm\/wp-json\/wp\/v2\/types\/post"}],"author":[{"embeddable":true,"href":"https:\/\/sertv.gob.pa\/crisolfm\/wp-json\/wp\/v2\/users\/1"}],"replies":[{"embeddable":true,"href":"https:\/\/sertv.gob.pa\/crisolfm\/wp-json\/wp\/v2\/comments?post=11293"}],"version-history":[{"count":0,"href":"https:\/\/sertv.gob.pa\/crisolfm\/wp-json\/wp\/v2\/posts\/11293\/revisions"}],"wp:featuredmedia":[{"embeddable":true,"href":"https:\/\/sertv.gob.pa\/crisolfm\/wp-json\/wp\/v2\/media\/11294"}],"wp:attachment":[{"href":"https:\/\/sertv.gob.pa\/crisolfm\/wp-json\/wp\/v2\/media?parent=11293"}],"wp:term":[{"taxonomy":"category","embeddable":true,"href":"https:\/\/sertv.gob.pa\/crisolfm\/wp-json\/wp\/v2\/categories?post=11293"},{"taxonomy":"post_tag","embeddable":true,"href":"https:\/\/sertv.gob.pa\/crisolfm\/wp-json\/wp\/v2\/tags?post=11293"}],"curies":[{"name":"wp","href":"https:\/\/api.w.org\/{rel}","templated":true}]}}