{"id":11307,"date":"2018-03-27T16:12:32","date_gmt":"2018-03-27T16:12:32","guid":{"rendered":""},"modified":"2018-03-27T16:12:32","modified_gmt":"2018-03-27T16:12:32","slug":"huawei-revela-el-primer-movil-de-camara-triple","status":"publish","type":"post","link":"https:\/\/sertv.gob.pa\/crisolfm\/huawei-revela-el-primer-movil-de-camara-triple\/","title":{"rendered":"Huawei revela el primer m\u00f3vil de c\u00e1mara triple"},"content":{"rendered":"<p>\nLa tecnol\u00f3gica china Huawei, el tercer mayor fabricante de m\u00f3viles del mundo, revel\u00f3 en Par\u00eds su nueva familia de tel\u00e9fonos inteligentes de gama alta \u00abP20\u00bb, cuya versi\u00f3n Pro incluye por primera vez en la industria 3 c\u00e1maras traseras. <\/p>\n<p>En un acto en el Gran Palais de la capital francesa, el consejero delegado de Huawei, Richard Yu, desvel\u00f3 el nuevo buque insignia de la empresa, que cuenta con una pantalla OLED de 6,1 pulgadas, 128 GB de almacenamiento, 8GB de RAM y la innovadora c\u00e1mara triple trasera de 40 megap\u00edxeles, as\u00ed como una frontal de 24. <\/p>\n<p>\u00abEste tel\u00e9fono permite que veamos m\u00e1s luz. Adem\u00e1s de que su dise\u00f1o est\u00e1 pensado en brindar armon\u00eda. Estamos muy orgullosos\u00bb, consider\u00f3 Yu al mostrar por primera vez el nuevo m\u00f3vil de la firma china, con el que reinventa otra vez el segmento de gama alta, desde que en 2016 introdujo la doble c\u00e1mara trasera. <\/p>\n<p>El P20 Pro, en el que se elimina el puerto de conexi\u00f3n para aud\u00edfonos, incorpora igualmente una bater\u00eda de 4.000 miliamperios (mAh), que promete una carga extra r\u00e1pida; tecnolog\u00eda USB tipo C de alta velocidad y el procesador Kirin 970 de ocho n\u00facleos, capaz de soportar Inteligencia Artificial (IA) en el propio \u00absmartphone\u00bb. <\/p>\n<p>La terminal podr\u00e1 ser desbloqueada con reconocimiento facial, incluso en condiciones de oscuridad, y opera con doble \u00absim card\u00bb a 4,5G, seg\u00fan Yu. <\/p>\n<p>En el evento en la fotog\u00e9nica \u00abCiudad de la luz\u00bb, fueron presentados adem\u00e1s los propios auriculares inal\u00e1mbricos de la firma china y la otra terminal de la serie, el P20, adem\u00e1s de una versi\u00f3n adicional dise\u00f1ada en conjunto con la marca de veh\u00edculos Porche con 256 o 512 GB de almacenamiento y cuyo precio supera 2.500 d\u00f3lares. <\/p>\n<p>El Huawei P20 est\u00e1 construido, como su \u00abhermano mayor\u00bb, con un cuerpo en aluminio, un lector de huellas en la parte delantera y funciones avanzadas de reconocimiento facial, pero con una pantalla RGBW de 5,8 pulgadas. <\/p>\n<p>Seg\u00fan la ficha t\u00e9cnica revelada por Huawei, esta versi\u00f3n tambi\u00e9n incorpora el chip 970, cuenta con un almacenamiento interno de 64 GB y una memoria de 4 GB de RAM, aunque a diferencia del P20 Pro solo poseer\u00e1 dos c\u00e1maras traseras. <\/p>\n<p>Los dos equipos de esta serie operar\u00e1n bajo Android 8.1 Oreo, la m\u00e1s reciente actualizaci\u00f3n de ese sistema operativo, y con EMUI 8.1., como se conocen a las modificaciones que la firma china hace al software de sus equipos. <\/p>\n<p>Las terminales vendr\u00e1n disponibles en colores como \u00abGhraphyte Black\u00bb (negro), \u00abPink Gold\u00bb (rosa) y \u00abMidnight Blue\u00bb (azul oscuro), adem\u00e1s de un acabado degradado denominado \u00abTwitlight\u00bb. <\/p>\n<p>Seg\u00fan la compa\u00f1\u00eda, el precio de entrada en el mercado del P20 Pro es de 1.100 d\u00f3lares y ser\u00e1 vendido desde el pr\u00f3ximo 6 de abril, mientras que el P20 constar\u00e1 unos 800 d\u00f3lares y ya est\u00e1 disponible en las tiendas. <\/p>\n<p>\u00a0 <\/p>\n","protected":false},"excerpt":{"rendered":"<p>La tecnol\u00f3gica china Huawei, el tercer mayor fabricante de m\u00f3viles <a href=\"https:\/\/sertv.gob.pa\/crisolfm\/huawei-revela-el-primer-movil-de-camara-triple\/\"> [&#8230;]<\/a><\/p>\n","protected":false},"author":1,"featured_media":11308,"comment_status":"closed","ping_status":"closed","sticky":false,"template":"","format":"standard","meta":{"footnotes":""},"categories":[9],"tags":[],"class_list":["post-11307","post","type-post","status-publish","format-standard","has-post-thumbnail","hentry","category-varios"],"_links":{"self":[{"href":"https:\/\/sertv.gob.pa\/crisolfm\/wp-json\/wp\/v2\/posts\/11307","targetHints":{"allow":["GET"]}}],"collection":[{"href":"https:\/\/sertv.gob.pa\/crisolfm\/wp-json\/wp\/v2\/posts"}],"about":[{"href":"https:\/\/sertv.gob.pa\/crisolfm\/wp-json\/wp\/v2\/types\/post"}],"author":[{"embeddable":true,"href":"https:\/\/sertv.gob.pa\/crisolfm\/wp-json\/wp\/v2\/users\/1"}],"replies":[{"embeddable":true,"href":"https:\/\/sertv.gob.pa\/crisolfm\/wp-json\/wp\/v2\/comments?post=11307"}],"version-history":[{"count":0,"href":"https:\/\/sertv.gob.pa\/crisolfm\/wp-json\/wp\/v2\/posts\/11307\/revisions"}],"wp:featuredmedia":[{"embeddable":true,"href":"https:\/\/sertv.gob.pa\/crisolfm\/wp-json\/wp\/v2\/media\/11308"}],"wp:attachment":[{"href":"https:\/\/sertv.gob.pa\/crisolfm\/wp-json\/wp\/v2\/media?parent=11307"}],"wp:term":[{"taxonomy":"category","embeddable":true,"href":"https:\/\/sertv.gob.pa\/crisolfm\/wp-json\/wp\/v2\/categories?post=11307"},{"taxonomy":"post_tag","embeddable":true,"href":"https:\/\/sertv.gob.pa\/crisolfm\/wp-json\/wp\/v2\/tags?post=11307"}],"curies":[{"name":"wp","href":"https:\/\/api.w.org\/{rel}","templated":true}]}}