{"id":11309,"date":"2018-03-27T16:29:00","date_gmt":"2018-03-27T16:29:00","guid":{"rendered":""},"modified":"2018-03-27T16:29:00","modified_gmt":"2018-03-27T16:29:00","slug":"zuckerberg-no-comparecera-ante-parlamento-britanico","status":"publish","type":"post","link":"https:\/\/sertv.gob.pa\/crisolfm\/zuckerberg-no-comparecera-ante-parlamento-britanico\/","title":{"rendered":"Zuckerberg no comparecer\u00e1 ante Parlamento brit\u00e1nico"},"content":{"rendered":"<p>\nEl fundador de Facebook, Mark Zuckerberg, no comparecer\u00e1 ante el Parlamento brit\u00e1nico para responder a sus preguntas sobre el esc\u00e1ndalo de la filtraci\u00f3n de datos, inform\u00f3 esa empresa. <\/p>\n<p>En una carta remitida al presidente del Comit\u00e9 Parlamentario de Asuntos Digitales, Cultura, Medios de Comunicaci\u00f3n y Deportes, Damian Collins, la responsable de Relaciones P\u00fablicas de la red social, Rebecca Stimson, se\u00f1al\u00f3 que uno de los adjuntos de Zuckerberg dar\u00e1 respuesta a las preguntas de los diputados. <\/p>\n<p>Esta comisi\u00f3n cit\u00f3 el pasado d\u00eda 20 al fundador de Facebook para que explicara la presunta filtraci\u00f3n de datos de m\u00e1s de 50 millones de usuarios que pudo ayudar a la campa\u00f1a electoral del presidente de EE.UU., Donald Trump.\u00a0 <\/p>\n<p>\u00a0 <\/p>\n","protected":false},"excerpt":{"rendered":"<p>El fundador de Facebook, Mark Zuckerberg, no comparecer\u00e1 ante el <a href=\"https:\/\/sertv.gob.pa\/crisolfm\/zuckerberg-no-comparecera-ante-parlamento-britanico\/\"> [&#8230;]<\/a><\/p>\n","protected":false},"author":1,"featured_media":11310,"comment_status":"closed","ping_status":"closed","sticky":false,"template":"","format":"standard","meta":{"footnotes":""},"categories":[9],"tags":[],"class_list":["post-11309","post","type-post","status-publish","format-standard","has-post-thumbnail","hentry","category-varios"],"_links":{"self":[{"href":"https:\/\/sertv.gob.pa\/crisolfm\/wp-json\/wp\/v2\/posts\/11309","targetHints":{"allow":["GET"]}}],"collection":[{"href":"https:\/\/sertv.gob.pa\/crisolfm\/wp-json\/wp\/v2\/posts"}],"about":[{"href":"https:\/\/sertv.gob.pa\/crisolfm\/wp-json\/wp\/v2\/types\/post"}],"author":[{"embeddable":true,"href":"https:\/\/sertv.gob.pa\/crisolfm\/wp-json\/wp\/v2\/users\/1"}],"replies":[{"embeddable":true,"href":"https:\/\/sertv.gob.pa\/crisolfm\/wp-json\/wp\/v2\/comments?post=11309"}],"version-history":[{"count":0,"href":"https:\/\/sertv.gob.pa\/crisolfm\/wp-json\/wp\/v2\/posts\/11309\/revisions"}],"wp:featuredmedia":[{"embeddable":true,"href":"https:\/\/sertv.gob.pa\/crisolfm\/wp-json\/wp\/v2\/media\/11310"}],"wp:attachment":[{"href":"https:\/\/sertv.gob.pa\/crisolfm\/wp-json\/wp\/v2\/media?parent=11309"}],"wp:term":[{"taxonomy":"category","embeddable":true,"href":"https:\/\/sertv.gob.pa\/crisolfm\/wp-json\/wp\/v2\/categories?post=11309"},{"taxonomy":"post_tag","embeddable":true,"href":"https:\/\/sertv.gob.pa\/crisolfm\/wp-json\/wp\/v2\/tags?post=11309"}],"curies":[{"name":"wp","href":"https:\/\/api.w.org\/{rel}","templated":true}]}}