{"id":11339,"date":"2018-03-29T14:06:27","date_gmt":"2018-03-29T14:06:27","guid":{"rendered":""},"modified":"2018-03-29T14:06:27","modified_gmt":"2018-03-29T14:06:27","slug":"facebook-cambia-opciones-de-privacidad-tras-escandalo","status":"publish","type":"post","link":"https:\/\/sertv.gob.pa\/crisolfm\/facebook-cambia-opciones-de-privacidad-tras-escandalo\/","title":{"rendered":"Facebook cambia opciones de privacidad tras esc\u00e1ndalo"},"content":{"rendered":"<p>\nLa red social Facebook, que en los \u00faltimos d\u00edas ha sido objeto de numerosas cr\u00edticas por la supuesta filtraci\u00f3n masiva de datos personales de sus usuarios, anunci\u00f3 hoy que cambiar\u00e1 la configuraci\u00f3n de su p\u00e1gina inicial con el objetivo de facilitar el acceso a las opciones de privacidad y seguridad. <\/p>\n<p>Las nuevas medidas introducidas por la empresa, y que ser\u00e1n implantadas de forma global a lo largo de las pr\u00f3ximas semanas, permitir\u00e1n a sus usuarios gestionar todas sus preferencias de privacidad desde un \u00fanico acceso o, incluso, revisar y descargar toda la informaci\u00f3n que la red social ha recopilado sobre ellos. <\/p>\n<p>\u00abTodas estas actualizaciones hab\u00edan estado en desarrollo desde hace alg\u00fan tiempo, pero los sucesos de los \u00faltimos d\u00edas han puesto de manifiesto su importancia\u00bb, indic\u00f3 la compa\u00f1\u00eda en un comunicado divulgado este mi\u00e9rcoles bajo el t\u00edtulo &#8216;Es hora de hacer que nuestras herramientas de privacidad sean f\u00e1ciles de encontrar&#8217;. <\/p>\n<p>La empresa asegur\u00f3 en la nota que todas estas actualizaciones responden a la necesidad de ofrecer una mayor \u00abtransparencia\u00bb, y rechaz\u00f3 que su objetivo sea \u00abganar nuevos derechos sobre la recopilaci\u00f3n de datos o su uso\u00bb. <\/p>\n<p>Los sucesos a los que se refiere la nota son las diversas informaciones publicadas a lo largo de las dos \u00faltimas semanas, en las que se acusa a la compa\u00f1\u00eda fundada por Mark Zuckerberg de haber facilitado informaci\u00f3n de sus usuarios a la empresa de an\u00e1lisis de datos Cambridge Analytica. <\/p>\n<p>Esa compa\u00f1\u00eda brit\u00e1nica ya ha reconocido que accedi\u00f3 a los datos de cerca de 50 millones de usuarios de la red social, con el prop\u00f3sito de desarrollar un programa inform\u00e1tico destinado a predecir las decisiones de los votantes para as\u00ed poder influir en procesos electorales. <\/p>\n<p>El esc\u00e1ndalo ha llevado a diversas instituciones, como el Parlamento brit\u00e1nico o el Congreso de Estados Unidos, a pedir a Zuckerberg que comparezca para dar explicaciones sobre lo ocurrido, aunque por el momento el empresario, de 33 a\u00f1os, no ha aceptado estas invitaciones. <\/p>\n<p>Las actualizaciones divulgadas hoy por la compa\u00f1\u00eda se suman a otra bater\u00eda de medidas ya anunciadas por el propio Zuckerberg hace una semana, cuando asegur\u00f3 que Facebook investigar\u00e1 todas las aplicaciones que accedieron a grandes cantidades de informaci\u00f3n antes de 2014 y que ampliar\u00e1 sus restricciones a desarrolladores para evitar abusos. <\/p>\n<p>En estos momentos, la popular red social se enfrenta en Estados Unidos al menos a cuatro demandas colectivas de usuarios y accionistas por esta pol\u00e9mica filtraci\u00f3n de datos, as\u00ed como a una investigaci\u00f3n de la Comisi\u00f3n Federal de Comercio que podr\u00eda acarrearle multas millonarias. <\/p>\n","protected":false},"excerpt":{"rendered":"<p>La red social Facebook, que en los \u00faltimos d\u00edas ha <a href=\"https:\/\/sertv.gob.pa\/crisolfm\/facebook-cambia-opciones-de-privacidad-tras-escandalo\/\"> [&#8230;]<\/a><\/p>\n","protected":false},"author":1,"featured_media":11340,"comment_status":"closed","ping_status":"closed","sticky":false,"template":"","format":"standard","meta":{"footnotes":""},"categories":[9],"tags":[],"class_list":["post-11339","post","type-post","status-publish","format-standard","has-post-thumbnail","hentry","category-varios"],"_links":{"self":[{"href":"https:\/\/sertv.gob.pa\/crisolfm\/wp-json\/wp\/v2\/posts\/11339","targetHints":{"allow":["GET"]}}],"collection":[{"href":"https:\/\/sertv.gob.pa\/crisolfm\/wp-json\/wp\/v2\/posts"}],"about":[{"href":"https:\/\/sertv.gob.pa\/crisolfm\/wp-json\/wp\/v2\/types\/post"}],"author":[{"embeddable":true,"href":"https:\/\/sertv.gob.pa\/crisolfm\/wp-json\/wp\/v2\/users\/1"}],"replies":[{"embeddable":true,"href":"https:\/\/sertv.gob.pa\/crisolfm\/wp-json\/wp\/v2\/comments?post=11339"}],"version-history":[{"count":0,"href":"https:\/\/sertv.gob.pa\/crisolfm\/wp-json\/wp\/v2\/posts\/11339\/revisions"}],"wp:featuredmedia":[{"embeddable":true,"href":"https:\/\/sertv.gob.pa\/crisolfm\/wp-json\/wp\/v2\/media\/11340"}],"wp:attachment":[{"href":"https:\/\/sertv.gob.pa\/crisolfm\/wp-json\/wp\/v2\/media?parent=11339"}],"wp:term":[{"taxonomy":"category","embeddable":true,"href":"https:\/\/sertv.gob.pa\/crisolfm\/wp-json\/wp\/v2\/categories?post=11339"},{"taxonomy":"post_tag","embeddable":true,"href":"https:\/\/sertv.gob.pa\/crisolfm\/wp-json\/wp\/v2\/tags?post=11339"}],"curies":[{"name":"wp","href":"https:\/\/api.w.org\/{rel}","templated":true}]}}