{"id":11367,"date":"2018-04-03T16:09:00","date_gmt":"2018-04-03T16:09:00","guid":{"rendered":""},"modified":"2018-04-03T16:09:00","modified_gmt":"2018-04-03T16:09:00","slug":"costa-rica-celebra-lanzamiento-del-primer-satelite-centroamericano","status":"publish","type":"post","link":"https:\/\/sertv.gob.pa\/crisolfm\/costa-rica-celebra-lanzamiento-del-primer-satelite-centroamericano\/","title":{"rendered":"Costa Rica celebra lanzamiento del primer sat\u00e9lite centroamericano"},"content":{"rendered":"<p>\nLos desarrolladores del primer sat\u00e9lite centroamericano, creado en Costa Rica, celebraron con orgullo el lanzamiento del dispositivo realizado desde el Kennedy Space Center en Cabo Ca\u00f1averal, Estados Unidos. <\/p>\n<p>\u00abNos sentimos tremendamente orgullosos porque dentro de ese cohete va el primer sat\u00e9lite costarricense y de Centroam\u00e9rica, que va a ponerse en \u00f3rbita tras ocho a\u00f1os de trabajo duro por parte de la ACAE, el TEC y todos los socios y personas que han ayudado\u00bb dijo el Presidente de ACAE, Carlos Alvarado, durante una transmisi\u00f3n en vivo del evento en el Museo de Los Ni\u00f1os en San Jos\u00e9. <\/p>\n<p>El proyecto ha sido desarrollado en forma conjunta por la Asociaci\u00f3n Centroamericana de Aeron\u00e1utica y del Espacio (ACAE) y el Instituto Tecnol\u00f3gico de Costa Rica (TEC), con el apoyo de empresas privadas. <\/p>\n<p>El lanzamiento del cohete Falcon 9 de la empresa SpaceX y la nave espacial Drag\u00f3n, en donde viaja el sat\u00e9lite, forman parte de la pen\u00faltima etapa de la misi\u00f3n que contiene el dispositivo Cubesat y que fue denominado \u00abProyecto Iraz\u00fa\u00bb. <\/p>\n<p>Este nanosat\u00e9lite de alrededor de un kilo de peso tendr\u00e1 como fin recolectar datos de crecimiento forestal, variables ambientales y carbono en los bosques tropicales de Costa Rica para estudiar los efectos del cambio clim\u00e1tico en el pa\u00eds y as\u00ed contribuir a la meta de ser carbono neutral en el a\u00f1o 2021. <\/p>\n<p>Alvarado a\u00f1adi\u00f3 que quieren motivar a todas las personas para que sigan inspir\u00e1ndose y formando parte del proyecto. <\/p>\n<p>\u00abNosotros como pa\u00eds tenemos la capacidad de hacer grandes cosas porque recuerden, Costa Rica es un pa\u00eds peque\u00f1o en territorio pero enorme en talento y ambici\u00f3n\u00bb, afirm\u00f3. <\/p>\n<p>El sat\u00e9lite entrar\u00e1 en \u00f3rbita cuando sea liberado al espacio por el M\u00f3dulo Experimental Japon\u00e9s conocido como \u00abm\u00f3dulo Kibo\u00bb. Una vez en \u00f3rbita, el sat\u00e9lite estar\u00e1 dos veces al d\u00eda sobre Costa Rica para recopilar datos sobre la fijaci\u00f3n de carbono en los bosques del norte del pa\u00eds centroamericano y otras variables. <\/p>\n<p>\u00abLa importancia del desarrollo de esto en el pa\u00eds se puede describir en dos aspectos: la primera en la demostraci\u00f3n de que ya existe la capacidad de realizar proyectos en el \u00e1rea espacial y la segunda es que ya podemos brindar soluciones en aspectos que son importantes, como conocer c\u00f3mo estamos fijando carbono en nuestros bosques\u00bb coment\u00f3 el profesor e investigador de la Escuela de Ingenier\u00eda Electr\u00f3nica del TEC, Adolfo Ch\u00e1ves. <\/p>\n<p>Otro de los objetivos clave del Proyecto Iraz\u00fa para el pa\u00eds es el dise\u00f1o, desarrollo y ejecuci\u00f3n de una misi\u00f3n espacial en Costa Rica; as\u00ed como el desarrollo de las capacidades de los profesionales y estudiantes costarricenses para llevarla a cabo. <\/p>\n<p>Por esta raz\u00f3n, el Proyecto fue declarado de inter\u00e9s p\u00fablico por el Gobierno de la Rep\u00fablica. <\/p>\n<p>\u00a0 <\/p>\n","protected":false},"excerpt":{"rendered":"<p>Los desarrolladores del primer sat\u00e9lite centroamericano, creado en Costa Rica, <a href=\"https:\/\/sertv.gob.pa\/crisolfm\/costa-rica-celebra-lanzamiento-del-primer-satelite-centroamericano\/\"> [&#8230;]<\/a><\/p>\n","protected":false},"author":1,"featured_media":11368,"comment_status":"closed","ping_status":"closed","sticky":false,"template":"","format":"standard","meta":{"footnotes":""},"categories":[9],"tags":[],"class_list":["post-11367","post","type-post","status-publish","format-standard","has-post-thumbnail","hentry","category-varios"],"_links":{"self":[{"href":"https:\/\/sertv.gob.pa\/crisolfm\/wp-json\/wp\/v2\/posts\/11367","targetHints":{"allow":["GET"]}}],"collection":[{"href":"https:\/\/sertv.gob.pa\/crisolfm\/wp-json\/wp\/v2\/posts"}],"about":[{"href":"https:\/\/sertv.gob.pa\/crisolfm\/wp-json\/wp\/v2\/types\/post"}],"author":[{"embeddable":true,"href":"https:\/\/sertv.gob.pa\/crisolfm\/wp-json\/wp\/v2\/users\/1"}],"replies":[{"embeddable":true,"href":"https:\/\/sertv.gob.pa\/crisolfm\/wp-json\/wp\/v2\/comments?post=11367"}],"version-history":[{"count":0,"href":"https:\/\/sertv.gob.pa\/crisolfm\/wp-json\/wp\/v2\/posts\/11367\/revisions"}],"wp:featuredmedia":[{"embeddable":true,"href":"https:\/\/sertv.gob.pa\/crisolfm\/wp-json\/wp\/v2\/media\/11368"}],"wp:attachment":[{"href":"https:\/\/sertv.gob.pa\/crisolfm\/wp-json\/wp\/v2\/media?parent=11367"}],"wp:term":[{"taxonomy":"category","embeddable":true,"href":"https:\/\/sertv.gob.pa\/crisolfm\/wp-json\/wp\/v2\/categories?post=11367"},{"taxonomy":"post_tag","embeddable":true,"href":"https:\/\/sertv.gob.pa\/crisolfm\/wp-json\/wp\/v2\/tags?post=11367"}],"curies":[{"name":"wp","href":"https:\/\/api.w.org\/{rel}","templated":true}]}}