{"id":11375,"date":"2018-04-03T18:55:47","date_gmt":"2018-04-03T18:55:47","guid":{"rendered":""},"modified":"2018-04-03T18:55:47","modified_gmt":"2018-04-03T18:55:47","slug":"apple-planea-usar-sus-propios-procesadores-para-mac-en-2020","status":"publish","type":"post","link":"https:\/\/sertv.gob.pa\/crisolfm\/apple-planea-usar-sus-propios-procesadores-para-mac-en-2020\/","title":{"rendered":"Apple planea usar sus propios procesadores para Mac en 2020"},"content":{"rendered":"<p>\n Apple  podr\u00eda dejar de usar procesadores Intel y dise\u00f1ar los suyos propios para Mac en 2020, seg\u00fan un reporte de Bloomberg. <\/p>\n<p>La iniciativa, cuyo c\u00f3digo fue denominado Kalamata,  a\u00fan se halla en las primeras etapas de desarrollo, pero tiene como prop\u00f3sito lograr que los dispositivos de Apple  -incluidos los Mac, iPhones y iPads- funcionen de manera m\u00e1s similar y sin problemas. <\/p>\n<p>Apple proporciona a Intel aproximadamente el 5% de sus ingresos anuales, de acuerdo con el an\u00e1lisis de la cadena de suministro de Bloomberg.\u00a0 <\/p>\n<p>Actualmente, todos los iPhones, iPads, Apple Watches, y los Apple TV usan procesadores principales dise\u00f1ados por Apple y basados en tecnolog\u00eda de Arm Holdings Plc. <\/p>\n<p> El cambio le permitir\u00eda a la firma de Cupertino lanzar nuevos modelos de Mac en sus propias l\u00edneas de tiempo,  en lugar de depender de la hoja de ruta del procesador de Intel y traer m\u00e1s r\u00e1pidamente nuevas caracter\u00edsticas a todos sus productos para seguirse diferenciando de la competencia. <\/p>\n<p>Adem\u00e1s, al usar sus propios chips, Apple podr\u00eda integrar m\u00e1s estrechamente nuevo hardware y software, lo que podr\u00eda resultar en sistemas con una mejor duraci\u00f3n de la bater\u00eda, similar a los iPads, que usan chips propios de Apple, resalta el informe. <\/p>\n<p> Las acciones de Intel cayeron hasta un 9,2%,\u00a0la mayor ca\u00edda en m\u00e1s de dos a\u00f1os ,\u00a0este lunes cuando se conoci\u00f3 la noticia. <\/p>\n<p>Apple no quiso hacer ning\u00fan comentario al respecto mientras que Intel indic\u00f3: \u00abNo comentamos sobre especulaciones sobre nuestros clientes\u00bb. <\/p>\n","protected":false},"excerpt":{"rendered":"<p>Apple podr\u00eda dejar de usar procesadores Intel y dise\u00f1ar los <a href=\"https:\/\/sertv.gob.pa\/crisolfm\/apple-planea-usar-sus-propios-procesadores-para-mac-en-2020\/\"> [&#8230;]<\/a><\/p>\n","protected":false},"author":1,"featured_media":11376,"comment_status":"closed","ping_status":"closed","sticky":false,"template":"","format":"standard","meta":{"footnotes":""},"categories":[9],"tags":[],"class_list":["post-11375","post","type-post","status-publish","format-standard","has-post-thumbnail","hentry","category-varios"],"_links":{"self":[{"href":"https:\/\/sertv.gob.pa\/crisolfm\/wp-json\/wp\/v2\/posts\/11375","targetHints":{"allow":["GET"]}}],"collection":[{"href":"https:\/\/sertv.gob.pa\/crisolfm\/wp-json\/wp\/v2\/posts"}],"about":[{"href":"https:\/\/sertv.gob.pa\/crisolfm\/wp-json\/wp\/v2\/types\/post"}],"author":[{"embeddable":true,"href":"https:\/\/sertv.gob.pa\/crisolfm\/wp-json\/wp\/v2\/users\/1"}],"replies":[{"embeddable":true,"href":"https:\/\/sertv.gob.pa\/crisolfm\/wp-json\/wp\/v2\/comments?post=11375"}],"version-history":[{"count":0,"href":"https:\/\/sertv.gob.pa\/crisolfm\/wp-json\/wp\/v2\/posts\/11375\/revisions"}],"wp:featuredmedia":[{"embeddable":true,"href":"https:\/\/sertv.gob.pa\/crisolfm\/wp-json\/wp\/v2\/media\/11376"}],"wp:attachment":[{"href":"https:\/\/sertv.gob.pa\/crisolfm\/wp-json\/wp\/v2\/media?parent=11375"}],"wp:term":[{"taxonomy":"category","embeddable":true,"href":"https:\/\/sertv.gob.pa\/crisolfm\/wp-json\/wp\/v2\/categories?post=11375"},{"taxonomy":"post_tag","embeddable":true,"href":"https:\/\/sertv.gob.pa\/crisolfm\/wp-json\/wp\/v2\/tags?post=11375"}],"curies":[{"name":"wp","href":"https:\/\/api.w.org\/{rel}","templated":true}]}}