{"id":11377,"date":"2018-04-03T19:32:09","date_gmt":"2018-04-03T19:32:09","guid":{"rendered":""},"modified":"2018-04-03T19:32:09","modified_gmt":"2018-04-03T19:32:09","slug":"tomara-unos-anos-corregir-los-problemas-de-facebook","status":"publish","type":"post","link":"https:\/\/sertv.gob.pa\/crisolfm\/tomara-unos-anos-corregir-los-problemas-de-facebook\/","title":{"rendered":"Tomar\u00e1 unos a\u00f1os corregir los problemas de Facebook"},"content":{"rendered":"<p>\nMark Zuckerberg, el creador de Facebook, asegur\u00f3, en una entrevista reciente para\u00a0Noticias Vox, que \u00abtomar\u00e1 varios a\u00f1os corregir los problemas que presenta la red social\u00bb.\u00a0 <\/p>\n<p>El ejecutivo puso sobre la mesa algunas posibles soluciones para \u00abarreglar\u00bb Facebook, debido al esc\u00e1ndalo de la filtraci\u00f3n de datos de 50 millones de usuarios, informaci\u00f3n usada por Cambridge Analytica para apoyar la campa\u00f1a electoral de Donald Trump. <\/p>\n<p>El creador de la red social inform\u00f3 en la entrevista que probablemente  se tomar\u00e1n &ldquo;algunos a\u00f1os&rdquo; para solucionar los inconvenientes con el uso y traspaso irregular de datos privados de usuarios de la red social.   <\/p>\n<p>Zuckerberg defendi\u00f3 el modelo de negocios\u00a0basado en publicidad de Facebook, al no ser incompatible con el servicio a las personas. Sostuvo que crear una plataforma que conecte a personas en todo el mundo tiene que seguir siendo gratuita y disponible para todos. \u00abNo creo en absoluto que eso signifique que no nos importa la gente, es todo lo contrario\u00bb, expres\u00f3\u00a0Zuckerberg. <\/p>\n<p>Tambi\u00e9n sostuvo que el &ldquo;idealismo&rdquo; es uno de los problemas de la compa\u00f1\u00eda, pues en vez de &ldquo;pensar en algunos de los usos negativos de las herramientas&rdquo;, se centran en los aspectos positivos que la red social ha generado, como facilitar que se conecten las personas. <\/p>\n<p>A largo plazo,  al director ejecutivo de Facebook le gustar\u00eda alcanzar una posibilidad de \u00abapelaci\u00f3n independiente\u00bb.  Seg\u00fan explica en la entrevista, se tratar\u00eda de un proceso de moderaci\u00f3n de contenido en el que los usuarios obtendr\u00edan primero la decisi\u00f3n de la red social, basada en los est\u00e1ndares de la comunidad que se describen, y despu\u00e9s una segunda opini\u00f3n. <\/p>\n<p>\u00abCreo que ahora la gente se centra adecuadamente en algunos de los riesgos y desventajas tambi\u00e9n\u00bb, a\u00f1adi\u00f3. Adem\u00e1s, puntualiz\u00f3 que: \u00abCreo que vamos a cavar a trav\u00e9s de este agujero, pero tomar\u00e1 algunos a\u00f1os. Ojal\u00e1 pudiera resolver todos estos problemas en tres meses o seis meses, pero creo que la realidad es que las respuestas a algunas de estas preguntas van a tomar un per\u00edodo m\u00e1s largo\u00bb. <\/p>\n<p>\u00a0 <\/p>\n","protected":false},"excerpt":{"rendered":"<p>Mark Zuckerberg, el creador de Facebook, asegur\u00f3, en una entrevista <a href=\"https:\/\/sertv.gob.pa\/crisolfm\/tomara-unos-anos-corregir-los-problemas-de-facebook\/\"> [&#8230;]<\/a><\/p>\n","protected":false},"author":1,"featured_media":11378,"comment_status":"closed","ping_status":"closed","sticky":false,"template":"","format":"standard","meta":{"footnotes":""},"categories":[9],"tags":[],"class_list":["post-11377","post","type-post","status-publish","format-standard","has-post-thumbnail","hentry","category-varios"],"_links":{"self":[{"href":"https:\/\/sertv.gob.pa\/crisolfm\/wp-json\/wp\/v2\/posts\/11377","targetHints":{"allow":["GET"]}}],"collection":[{"href":"https:\/\/sertv.gob.pa\/crisolfm\/wp-json\/wp\/v2\/posts"}],"about":[{"href":"https:\/\/sertv.gob.pa\/crisolfm\/wp-json\/wp\/v2\/types\/post"}],"author":[{"embeddable":true,"href":"https:\/\/sertv.gob.pa\/crisolfm\/wp-json\/wp\/v2\/users\/1"}],"replies":[{"embeddable":true,"href":"https:\/\/sertv.gob.pa\/crisolfm\/wp-json\/wp\/v2\/comments?post=11377"}],"version-history":[{"count":0,"href":"https:\/\/sertv.gob.pa\/crisolfm\/wp-json\/wp\/v2\/posts\/11377\/revisions"}],"wp:featuredmedia":[{"embeddable":true,"href":"https:\/\/sertv.gob.pa\/crisolfm\/wp-json\/wp\/v2\/media\/11378"}],"wp:attachment":[{"href":"https:\/\/sertv.gob.pa\/crisolfm\/wp-json\/wp\/v2\/media?parent=11377"}],"wp:term":[{"taxonomy":"category","embeddable":true,"href":"https:\/\/sertv.gob.pa\/crisolfm\/wp-json\/wp\/v2\/categories?post=11377"},{"taxonomy":"post_tag","embeddable":true,"href":"https:\/\/sertv.gob.pa\/crisolfm\/wp-json\/wp\/v2\/tags?post=11377"}],"curies":[{"name":"wp","href":"https:\/\/api.w.org\/{rel}","templated":true}]}}