{"id":11385,"date":"2018-04-04T18:40:23","date_gmt":"2018-04-04T18:40:23","guid":{"rendered":""},"modified":"2018-04-04T18:40:23","modified_gmt":"2018-04-04T18:40:23","slug":"primera-cabra-clonada-tiene-2-crias-en-china","status":"publish","type":"post","link":"https:\/\/sertv.gob.pa\/crisolfm\/primera-cabra-clonada-tiene-2-crias-en-china\/","title":{"rendered":"Primera cabra clonada tiene 2 cr\u00edas en China"},"content":{"rendered":"<p>\nLa primera cabra clonada de lana de cachemira extrafina del mundo ha tenido 2 cr\u00edas en la regi\u00f3n aut\u00f3noma de Mongolia Interior, en el norte de China, lo que supone su primera descendencia, anunci\u00f3 ayer martes el gobierno de la ciudad de Bayannur. <\/p>\n<p>Las dos criaturas, que nacieron el mi\u00e9rcoles y el jueves, respectivamente, tras un proceso de reproducci\u00f3n natural, est\u00e1n fuertes y en buenas condiciones, se\u00f1alaron los investigadores. <\/p>\n<p>&lsquo;La exitosa reproducci\u00f3n acelerar\u00e1 la aplicaci\u00f3n de la tecnolog\u00eda de clonaci\u00f3n en la cr\u00eda de cabras de lana de cachemira&#8217;, destac\u00f3 un investigador en la base de reproducci\u00f3n del animal, donde nacieron las cr\u00edas. <\/p>\n<p>El padre, el primer macho cabr\u00edo de lana de cachemira clonado del mundo, naci\u00f3 en diciembre de 2016. Para examinar sus capacidades de reproducci\u00f3n, los investigadores le dejaron aparearse con m\u00e1s de 20 cabras y la mayor\u00eda qued\u00f3 pre\u00f1ada. <\/p>\n<p>La fibra de cachemira de la cabra es de menos de 13,8 micras de espesor, mucho m\u00e1s fina que la media de 15,8 micras de las famosas cabras de la Monta\u00f1a Erlang de Mongolia Interior. <\/p>\n<p>\u00a0 <\/p>\n","protected":false},"excerpt":{"rendered":"<p>La primera cabra clonada de lana de cachemira extrafina del <a href=\"https:\/\/sertv.gob.pa\/crisolfm\/primera-cabra-clonada-tiene-2-crias-en-china\/\"> [&#8230;]<\/a><\/p>\n","protected":false},"author":1,"featured_media":11386,"comment_status":"closed","ping_status":"closed","sticky":false,"template":"","format":"standard","meta":{"footnotes":""},"categories":[9],"tags":[],"class_list":["post-11385","post","type-post","status-publish","format-standard","has-post-thumbnail","hentry","category-varios"],"_links":{"self":[{"href":"https:\/\/sertv.gob.pa\/crisolfm\/wp-json\/wp\/v2\/posts\/11385","targetHints":{"allow":["GET"]}}],"collection":[{"href":"https:\/\/sertv.gob.pa\/crisolfm\/wp-json\/wp\/v2\/posts"}],"about":[{"href":"https:\/\/sertv.gob.pa\/crisolfm\/wp-json\/wp\/v2\/types\/post"}],"author":[{"embeddable":true,"href":"https:\/\/sertv.gob.pa\/crisolfm\/wp-json\/wp\/v2\/users\/1"}],"replies":[{"embeddable":true,"href":"https:\/\/sertv.gob.pa\/crisolfm\/wp-json\/wp\/v2\/comments?post=11385"}],"version-history":[{"count":0,"href":"https:\/\/sertv.gob.pa\/crisolfm\/wp-json\/wp\/v2\/posts\/11385\/revisions"}],"wp:featuredmedia":[{"embeddable":true,"href":"https:\/\/sertv.gob.pa\/crisolfm\/wp-json\/wp\/v2\/media\/11386"}],"wp:attachment":[{"href":"https:\/\/sertv.gob.pa\/crisolfm\/wp-json\/wp\/v2\/media?parent=11385"}],"wp:term":[{"taxonomy":"category","embeddable":true,"href":"https:\/\/sertv.gob.pa\/crisolfm\/wp-json\/wp\/v2\/categories?post=11385"},{"taxonomy":"post_tag","embeddable":true,"href":"https:\/\/sertv.gob.pa\/crisolfm\/wp-json\/wp\/v2\/tags?post=11385"}],"curies":[{"name":"wp","href":"https:\/\/api.w.org\/{rel}","templated":true}]}}