{"id":11411,"date":"2018-04-05T19:35:20","date_gmt":"2018-04-05T19:35:20","guid":{"rendered":""},"modified":"2018-04-05T19:35:20","modified_gmt":"2018-04-05T19:35:20","slug":"australia-abre-investigacion-contra-facebook","status":"publish","type":"post","link":"https:\/\/sertv.gob.pa\/crisolfm\/australia-abre-investigacion-contra-facebook\/","title":{"rendered":"Australia abre investigaci\u00f3n contra Facebook"},"content":{"rendered":"<p>\nAustralia anunci\u00f3 este jueves el comienzo de una investigaci\u00f3n contra Facebook para decidir si el gigante de las redes sociales incumpli\u00f3 las leyes de privacidad, luego de que la empresa confirmara que los datos de 300.000 usuarios australianos podr\u00edan haber sido utilizados sin autorizaci\u00f3n, en el marco del esc\u00e1ndalo con Cambridge Analytica, que sacude a la firma tecnol\u00f3gica. <\/p>\n<p>En un comunicado, la comisionada de privacidad de Australia, Angelene Falk, manifest\u00f3 que su oficina \u00abconsultar\u00eda con las autoridades reguladoras a nivel internacional\u00bb, dada la naturaleza global del asunto. <\/p>\n<p>Una portavoz de Facebook en Australia dijo que la compa\u00f1\u00eda ser\u00e1 \u00abtotalmente receptiva\u00bb a la investigaci\u00f3n. En la regi\u00f3n, la red social recientemente hab\u00eda actualizado algunas configuraciones de privacidad. <\/p>\n<p>El mi\u00e9rcoles, la red social confirm\u00f3 que seg\u00fan una primera auditor\u00eda los datos de unos 87 millones de usuarios, la mayor\u00eda en los Estados Unidos, fueron compartidos de forma inapropiada con la consultora pol\u00edtica Cambridge Analytica. La cifra super\u00f3 la estimaci\u00f3n inicial de 50 millones. <\/p>\n<p>Mark Zuckerberg, fundador y CEO de Facebook, expres\u00f3 durante una conferencia telef\u00f3nica con\u00a0periodistas de varias partes del mundo que aceptaba la culpa de la filtraci\u00f3n de datos. <\/p>\n<p>La investigaci\u00f3n de Australia sigue a los comentarios del comisionado de privacidad de Nueva Zelanda la semana pasada de que Facebook hab\u00eda infringido las leyes en ese pa\u00eds, una acusaci\u00f3n que la compa\u00f1\u00eda calific\u00f3 de decepcionante. <\/p>\n<p>El regulador de competencia de Australia ya est\u00e1 investigando si Facebook y Alphabet Inc&#8217;s Google interrumpieron los medios de comunicaci\u00f3n en detrimento de los editores y los consumidores. <\/p>\n<p>Zuckerberg deber\u00e1 testificar sobre el asunto la pr\u00f3xima semana durante dos audiencias en el Congreso de EE. UU. La filtraci\u00f3n de datos ha generado cr\u00edticas de legisladores y reguladores de todo el mundo. <\/p>\n<p>Cambridge Analytica, con sede en Londres, que cont\u00f3 con la campa\u00f1a del presidente estadounidense Donald Trump en 2016 entre sus clientes, cuestion\u00f3 la estimaci\u00f3n de usuarios afectados de Facebook. <\/p>\n<p>Dijo en un tweet el mi\u00e9rcoles que no recibi\u00f3 m\u00e1s de 30 millones de registros de un investigador contratado para recopilar datos sobre personas en Facebook. <\/p>\n","protected":false},"excerpt":{"rendered":"<p>Australia anunci\u00f3 este jueves el comienzo de una investigaci\u00f3n contra <a href=\"https:\/\/sertv.gob.pa\/crisolfm\/australia-abre-investigacion-contra-facebook\/\"> [&#8230;]<\/a><\/p>\n","protected":false},"author":1,"featured_media":11412,"comment_status":"closed","ping_status":"closed","sticky":false,"template":"","format":"standard","meta":{"footnotes":""},"categories":[9],"tags":[],"class_list":["post-11411","post","type-post","status-publish","format-standard","has-post-thumbnail","hentry","category-varios"],"_links":{"self":[{"href":"https:\/\/sertv.gob.pa\/crisolfm\/wp-json\/wp\/v2\/posts\/11411","targetHints":{"allow":["GET"]}}],"collection":[{"href":"https:\/\/sertv.gob.pa\/crisolfm\/wp-json\/wp\/v2\/posts"}],"about":[{"href":"https:\/\/sertv.gob.pa\/crisolfm\/wp-json\/wp\/v2\/types\/post"}],"author":[{"embeddable":true,"href":"https:\/\/sertv.gob.pa\/crisolfm\/wp-json\/wp\/v2\/users\/1"}],"replies":[{"embeddable":true,"href":"https:\/\/sertv.gob.pa\/crisolfm\/wp-json\/wp\/v2\/comments?post=11411"}],"version-history":[{"count":0,"href":"https:\/\/sertv.gob.pa\/crisolfm\/wp-json\/wp\/v2\/posts\/11411\/revisions"}],"wp:featuredmedia":[{"embeddable":true,"href":"https:\/\/sertv.gob.pa\/crisolfm\/wp-json\/wp\/v2\/media\/11412"}],"wp:attachment":[{"href":"https:\/\/sertv.gob.pa\/crisolfm\/wp-json\/wp\/v2\/media?parent=11411"}],"wp:term":[{"taxonomy":"category","embeddable":true,"href":"https:\/\/sertv.gob.pa\/crisolfm\/wp-json\/wp\/v2\/categories?post=11411"},{"taxonomy":"post_tag","embeddable":true,"href":"https:\/\/sertv.gob.pa\/crisolfm\/wp-json\/wp\/v2\/tags?post=11411"}],"curies":[{"name":"wp","href":"https:\/\/api.w.org\/{rel}","templated":true}]}}