{"id":11443,"date":"2018-04-09T19:12:50","date_gmt":"2018-04-09T19:12:50","guid":{"rendered":""},"modified":"2018-04-09T19:12:50","modified_gmt":"2018-04-09T19:12:50","slug":"facebook-cree-que-hallara-nuevos-fallos-de-seguridad","status":"publish","type":"post","link":"https:\/\/sertv.gob.pa\/crisolfm\/facebook-cree-que-hallara-nuevos-fallos-de-seguridad\/","title":{"rendered":"Facebook cree que hallar\u00e1 nuevos fallos de seguridad"},"content":{"rendered":"<p>\nLa jefa de operaciones de Facebook,  Sheryl Sandberg , ha reconocido que la compa\u00f1\u00eda encontrar\u00e1 nuevos fallos de seguridad en su sistema seg\u00fan vaya avanzando la investigaci\u00f3n que la propia empresa est\u00e1 desarrollando en el marco de la   apropiaci\u00f3n indebida de datos   de sus usuarios a trav\u00e9s de una aplicaci\u00f3n empleada por la consultora Cambrigde Analytica en el marco de las elecciones norteamericanas. <\/p>\n<p>\u00abNo voy a mentir y a decir que no vamos a hallar m\u00e1s (fallos) porque  los vamos a encontrar \u00ab, ha declarado Sandberg en entrevista realizada este viernes con la cadena NBC. Sandberg ha confirmado que la empresa est\u00e1 centrada ahora en auditar esta clase de aplicaciones, desarrolladas por terceros, para comprobar su verdadero alcance entre sus usuarios. <\/p>\n<p>La jefa de operaciones ha vuelto a entonar un &#8216;mea culpa&#8217; de la empresa por este esc\u00e1ndalo. \u00abSiempre nos hemos preocupado por la privacidad, pero  hemos equivocado el equilibrio . Creo que hemos sido demasiado idealistas, pero no lo suficientemente rigurosos\u00bb, ha expresado. <\/p>\n<p>La Comisi\u00f3n Europea ha informado este viernes sobre la confirmaci\u00f3n por parte de Facebook de que los datos en esta red social de  hasta 2,7 millones de usuarios europeos  habr\u00edan sido \u00abindebidamente\u00bb compartidos con la compa\u00f1\u00eda Cambridge Analytica, en el marco del esc\u00e1ndalo del   robo de datos de m\u00e1s de 80 millones de usuarios   de la red social a nivel mundial. <\/p>\n<p>\u00abFacebook nos ha confirmado que los datos de hasta 2,7 millones de personas en la UE habr\u00edan sido indebidamente compartidos con   Cambridge Analytica  \u00ab, ha asegurado el portavoz de Justicia del Ejecutivo comunitario Christian Wigand. <\/p>\n<p>\u00abPuedo confirmar que ayer recibimos la respuesta\u00bb a la carta que la comisaria Vera Jourov\u00e1 envi\u00f3 la semana pasada a Facebook para pedir explicaciones sobre hasta qu\u00e9 punto los usuarios europeos se hab\u00edan visto afectados por el robo de datos, ha dicho Wigand. <\/p>\n<p>Adem\u00e1s del n\u00famero de afectados en Europa por el robo de datos, la carta que Facebook ha enviado a Bruselas tambi\u00e9n explica las medidas que la red social ha tomado \u00aben respuesta\u00bb a lo sucedido aunque por el momento el Ejecutivo comunitario  ha preferido no entrar a valorarlas.  <\/p>\n<p>La Comisi\u00f3n deber\u00e1 ahora \u00abanalizar la carta en detalle\u00bb pero \u00ablo que est\u00e1 claro es que esto necesitar\u00e1 m\u00e1s discusiones con Facebook sobre los cambios implementados\u00bb recientemente por la compa\u00f1\u00eda americana con vistas a la entrada en vigor el pr\u00f3ximo 25 de mayo de la  nueva normativa europea sobre protecci\u00f3n de datos , ha asegurado el portavoz comunitario. <\/p>\n<p>\u00a0 <\/p>\n","protected":false},"excerpt":{"rendered":"<p>La jefa de operaciones de Facebook, Sheryl Sandberg , ha <a href=\"https:\/\/sertv.gob.pa\/crisolfm\/facebook-cree-que-hallara-nuevos-fallos-de-seguridad\/\"> [&#8230;]<\/a><\/p>\n","protected":false},"author":1,"featured_media":11444,"comment_status":"closed","ping_status":"closed","sticky":false,"template":"","format":"standard","meta":{"footnotes":""},"categories":[9],"tags":[],"class_list":["post-11443","post","type-post","status-publish","format-standard","has-post-thumbnail","hentry","category-varios"],"_links":{"self":[{"href":"https:\/\/sertv.gob.pa\/crisolfm\/wp-json\/wp\/v2\/posts\/11443","targetHints":{"allow":["GET"]}}],"collection":[{"href":"https:\/\/sertv.gob.pa\/crisolfm\/wp-json\/wp\/v2\/posts"}],"about":[{"href":"https:\/\/sertv.gob.pa\/crisolfm\/wp-json\/wp\/v2\/types\/post"}],"author":[{"embeddable":true,"href":"https:\/\/sertv.gob.pa\/crisolfm\/wp-json\/wp\/v2\/users\/1"}],"replies":[{"embeddable":true,"href":"https:\/\/sertv.gob.pa\/crisolfm\/wp-json\/wp\/v2\/comments?post=11443"}],"version-history":[{"count":0,"href":"https:\/\/sertv.gob.pa\/crisolfm\/wp-json\/wp\/v2\/posts\/11443\/revisions"}],"wp:featuredmedia":[{"embeddable":true,"href":"https:\/\/sertv.gob.pa\/crisolfm\/wp-json\/wp\/v2\/media\/11444"}],"wp:attachment":[{"href":"https:\/\/sertv.gob.pa\/crisolfm\/wp-json\/wp\/v2\/media?parent=11443"}],"wp:term":[{"taxonomy":"category","embeddable":true,"href":"https:\/\/sertv.gob.pa\/crisolfm\/wp-json\/wp\/v2\/categories?post=11443"},{"taxonomy":"post_tag","embeddable":true,"href":"https:\/\/sertv.gob.pa\/crisolfm\/wp-json\/wp\/v2\/tags?post=11443"}],"curies":[{"name":"wp","href":"https:\/\/api.w.org\/{rel}","templated":true}]}}