{"id":11445,"date":"2018-04-09T19:49:57","date_gmt":"2018-04-09T19:49:57","guid":{"rendered":""},"modified":"2018-04-09T19:49:57","modified_gmt":"2018-04-09T19:49:57","slug":"empleados-de-google-exigen-abandonar-proyectos-militares","status":"publish","type":"post","link":"https:\/\/sertv.gob.pa\/crisolfm\/empleados-de-google-exigen-abandonar-proyectos-militares\/","title":{"rendered":"Empleados de Google exigen abandonar proyectos militares"},"content":{"rendered":"<p>\nMiles de empleados de Google, entre los que figuran ingenieros veteranos, han firmado  una carta de protesta  contra la implicaci\u00f3n de la compa\u00f1\u00eda en  el desarrollo de programas de inteligencia artificial y reconocimiento  de im\u00e1genes en v\u00eddeo que podr\u00edan utilizarse para mejorar el sistema de apuntado de los drones militares. <\/p>\n<p>El texto va dirigido al actual CEO de Google, Sundar Pichai y expone la opini\u00f3n de un buen n\u00famero de empleados que consideran que \u00bb Google no deber\u00eda estar en el negocio de la guerra \u00ab, que deber\u00edan retirarse del Proyecto Maven para desarrollo de drones m\u00e1s inteligentes y que anuncien que \u00abnunca construir\u00e1n tecnolog\u00eda b\u00e9lica\u00bb. <\/p>\n<p>Esta posici\u00f3n no tiene por qu\u00e9 ser compartida por todos los empleados de Google (han firmado 3.000 de los 70.000 empleados que tiene la compa\u00f1\u00eda), pero la pol\u00edtica interna de la empresa suele reforzar estos comportamientos desde su fundaci\u00f3n. <\/p>\n<p>M\u00e1s all\u00e1 del eslog\u00e1n \u00abDon&#8217;t be evil\u00bb que caracterizaba a Google en sus primeros a\u00f1os (ahora abandonado), la empresa cuenta con  tablones y redes propias en la que los empleados pueden criticar  y poner en duda decisiones de superiores o los productos que se desarrollan. Esta carta lleva semanas publicada en estos sistemas, pero solo recientemente se ha hecho p\u00fablica. <\/p>\n<p>As\u00ed es como se conoci\u00f3 el  acalorado debate vivido en la compa\u00f1\u00eda con respecto a la diversidad de sus empleados , algo que termin\u00f3 por filtrarse a la esfera p\u00fablica y que llev\u00f3 al  despido de un empleado  que hab\u00eda elaborado un manifiesto sexista. <\/p>\n<p>La participaci\u00f3n de Google en el proyecto Maven ya se hab\u00eda puesto en entredicho dentro de la compa\u00f1\u00eda en una asamblea, seg\u00fan informa  The New York Times . Aunque se apunt\u00f3 en todo momento que la participaci\u00f3n se centraba en \u00abusos no ofensivos\u00bb, los empleados segu\u00edan desconfiando. <\/p>\n<p> Seg\u00fan Google y el Pent\u00e1gono, el prop\u00f3sito de esta colaboraci\u00f3n nunca ha sido la creaci\u00f3n de armas aut\u00f3nomas  que puedan disparar sin intervenci\u00f3n humana, sino mejorar los sistemas de reconocimiento para evitar muertes de civiles y personas inocentes en los ataques con drones. <\/p>\n<p>Otras grandes compa\u00f1\u00edas tecnol\u00f3gicas, como  Amazon o Microsoft, colaboran habitualmente con el departamento de defensa de EEUU , pero esto no tranquiliza a los empleados, que se\u00f1alan que \u00abesto no hace la situaci\u00f3n menos peligrosa para Google\u00bb, pues, seg\u00fan ellos, \u00abse puede da\u00f1ar irreparablemente la marca y su habilidad para competir por talento\u00bb. <\/p>\n<p>\u00a0 <\/p>\n","protected":false},"excerpt":{"rendered":"<p>Miles de empleados de Google, entre los que figuran ingenieros <a href=\"https:\/\/sertv.gob.pa\/crisolfm\/empleados-de-google-exigen-abandonar-proyectos-militares\/\"> [&#8230;]<\/a><\/p>\n","protected":false},"author":1,"featured_media":11446,"comment_status":"closed","ping_status":"closed","sticky":false,"template":"","format":"standard","meta":{"footnotes":""},"categories":[9],"tags":[],"class_list":["post-11445","post","type-post","status-publish","format-standard","has-post-thumbnail","hentry","category-varios"],"_links":{"self":[{"href":"https:\/\/sertv.gob.pa\/crisolfm\/wp-json\/wp\/v2\/posts\/11445","targetHints":{"allow":["GET"]}}],"collection":[{"href":"https:\/\/sertv.gob.pa\/crisolfm\/wp-json\/wp\/v2\/posts"}],"about":[{"href":"https:\/\/sertv.gob.pa\/crisolfm\/wp-json\/wp\/v2\/types\/post"}],"author":[{"embeddable":true,"href":"https:\/\/sertv.gob.pa\/crisolfm\/wp-json\/wp\/v2\/users\/1"}],"replies":[{"embeddable":true,"href":"https:\/\/sertv.gob.pa\/crisolfm\/wp-json\/wp\/v2\/comments?post=11445"}],"version-history":[{"count":0,"href":"https:\/\/sertv.gob.pa\/crisolfm\/wp-json\/wp\/v2\/posts\/11445\/revisions"}],"wp:featuredmedia":[{"embeddable":true,"href":"https:\/\/sertv.gob.pa\/crisolfm\/wp-json\/wp\/v2\/media\/11446"}],"wp:attachment":[{"href":"https:\/\/sertv.gob.pa\/crisolfm\/wp-json\/wp\/v2\/media?parent=11445"}],"wp:term":[{"taxonomy":"category","embeddable":true,"href":"https:\/\/sertv.gob.pa\/crisolfm\/wp-json\/wp\/v2\/categories?post=11445"},{"taxonomy":"post_tag","embeddable":true,"href":"https:\/\/sertv.gob.pa\/crisolfm\/wp-json\/wp\/v2\/tags?post=11445"}],"curies":[{"name":"wp","href":"https:\/\/api.w.org\/{rel}","templated":true}]}}