{"id":11491,"date":"2018-04-12T18:54:11","date_gmt":"2018-04-12T18:54:11","guid":{"rendered":""},"modified":"2018-04-12T18:54:11","modified_gmt":"2018-04-12T18:54:11","slug":"samsung-presenta-nuevos-telefonos-s9-y-s9-en-panama","status":"publish","type":"post","link":"https:\/\/sertv.gob.pa\/crisolfm\/samsung-presenta-nuevos-telefonos-s9-y-s9-en-panama\/","title":{"rendered":"Samsung presenta nuevos tel\u00e9fonos S9 y S9+ en Panam\u00e1"},"content":{"rendered":"<p>\nHoy Samsung Electronics presenta en Panam\u00e1 su nuevo tel\u00e9fono Galaxy S9 y S9+, como antesala a la venta mundial de los dispositivos a partir del 16 de abril. <\/p>\n<p>Ambos tel\u00e9fonos inteligentes prometen transformar la manera en la que las personas se comunican, gracias a una innovadora c\u00e1mara de baja luz, las capacidades de v\u00eddeo Super Slow-Mo, AR Emoji personalizado y un sonido envolvente que se complementa con el revolucionario Infinity Display de Samsung, lanzado en la versi\u00f3n 8 de la l\u00ednea S. <\/p>\n<p>El Galaxy S9 y S9+ ofrecen una experiencia mejorada de entretenimiento, m\u00e1s visual, coment\u00f3 Albin Strothers, gerente de Dispositivos M\u00f3viles de Samsung, quien afirm\u00f3 que &lsquo;solo durante el 2017, a trav\u00e9s de las aplicaciones de tel\u00e9fono se movilizaron 1.2 trillones de fotos, esto quiere decir que para el usuario el tema visual est\u00e1 tomando mucha mayor relevancia, por lo que la marca se enfoc\u00f3 en darle al cliente final mayor versatilidad, comodidad y funciones casi ilimitadas&#8217;. <\/p>\n<p>Strothers explic\u00f3 que la l\u00ednea S es el producto que marca la pauta de tecnolog\u00eda en el a\u00f1o. Este tel\u00e9fono es una clara evoluci\u00f3n del S8 aunque mantiene ciertas caracter\u00edsticas como la pantalla infinita, donde el usuario visualiza mejor las im\u00e1genes y videos, haci\u00e9ndolo m\u00e1s personal para \u00e9l. <\/p>\n<p>Para lograr los cambios en el S9 y S9+, la marca cambi\u00f3 todo el coraz\u00f3n del tel\u00e9fono, pues b\u00e1sicamente se rehizo completamente, ahora el enfoque est\u00e1 en la c\u00e1mara, video y realidad aumentada. <\/p>\n<p>En cuanto a audio, los equipos cuentan con dos potentes altavoces sintonizados por AKG, en lugar de una bocina, permitiendo un sonido envolvente soportado por Dolby Atmos. <\/p>\n<p>Como primer tel\u00e9fono inteligente compatible con la nueva aplicaci\u00f3n SmartThings, Galaxy S9 y S9+ son el centro neur\u00e1lgico para gestionar cada faceta del estilo de vida conectado en el hogar o la oficina. La aplicaci\u00f3n SmartThings se presenta con S9 y S9 + y se conectar\u00e1 con los servicios IoT de Samsung, as\u00ed como a otros dispositivos sean Samsung o no, en el universo del internet de las cosas. <\/p>\n<p>&lsquo;Lo mejor se vuelve est\u00e1ndar con Galaxy&#8217;, manifiesta Strothers, refiri\u00e9ndose a que la marca establece el est\u00e1ndar de oro para los tel\u00e9fonos inteligentes, incluyendo la certificaci\u00f3n de resistencia al agua y polvo IP68, y la carga r\u00e1pida e inal\u00e1mbrica, adem\u00e1s, ahora soportan la memoria expansible de hasta 400 GB en su plataforma. <\/p>\n<p>\u00a0 <\/p>\n<p>\u00a0 <\/p>\n","protected":false},"excerpt":{"rendered":"<p>Hoy Samsung Electronics presenta en Panam\u00e1 su nuevo tel\u00e9fono Galaxy <a href=\"https:\/\/sertv.gob.pa\/crisolfm\/samsung-presenta-nuevos-telefonos-s9-y-s9-en-panama\/\"> [&#8230;]<\/a><\/p>\n","protected":false},"author":1,"featured_media":11492,"comment_status":"closed","ping_status":"closed","sticky":false,"template":"","format":"standard","meta":{"footnotes":""},"categories":[9],"tags":[],"class_list":["post-11491","post","type-post","status-publish","format-standard","has-post-thumbnail","hentry","category-varios"],"_links":{"self":[{"href":"https:\/\/sertv.gob.pa\/crisolfm\/wp-json\/wp\/v2\/posts\/11491","targetHints":{"allow":["GET"]}}],"collection":[{"href":"https:\/\/sertv.gob.pa\/crisolfm\/wp-json\/wp\/v2\/posts"}],"about":[{"href":"https:\/\/sertv.gob.pa\/crisolfm\/wp-json\/wp\/v2\/types\/post"}],"author":[{"embeddable":true,"href":"https:\/\/sertv.gob.pa\/crisolfm\/wp-json\/wp\/v2\/users\/1"}],"replies":[{"embeddable":true,"href":"https:\/\/sertv.gob.pa\/crisolfm\/wp-json\/wp\/v2\/comments?post=11491"}],"version-history":[{"count":0,"href":"https:\/\/sertv.gob.pa\/crisolfm\/wp-json\/wp\/v2\/posts\/11491\/revisions"}],"wp:featuredmedia":[{"embeddable":true,"href":"https:\/\/sertv.gob.pa\/crisolfm\/wp-json\/wp\/v2\/media\/11492"}],"wp:attachment":[{"href":"https:\/\/sertv.gob.pa\/crisolfm\/wp-json\/wp\/v2\/media?parent=11491"}],"wp:term":[{"taxonomy":"category","embeddable":true,"href":"https:\/\/sertv.gob.pa\/crisolfm\/wp-json\/wp\/v2\/categories?post=11491"},{"taxonomy":"post_tag","embeddable":true,"href":"https:\/\/sertv.gob.pa\/crisolfm\/wp-json\/wp\/v2\/tags?post=11491"}],"curies":[{"name":"wp","href":"https:\/\/api.w.org\/{rel}","templated":true}]}}