{"id":11509,"date":"2018-04-15T05:00:00","date_gmt":"2018-04-15T05:00:00","guid":{"rendered":""},"modified":"2018-04-15T05:00:00","modified_gmt":"2018-04-15T05:00:00","slug":"los-menores-de-16-anos-no-podran-utilizar-whatsapp","status":"publish","type":"post","link":"https:\/\/sertv.gob.pa\/crisolfm\/los-menores-de-16-anos-no-podran-utilizar-whatsapp\/","title":{"rendered":"Los menores de 16 a\u00f1os no podr\u00e1n utilizar WhatsApp"},"content":{"rendered":"<p>\nLa entrada en vigor de las normativas europeas en materia de protecci\u00f3n de datos (GDPR) a  partir del 25 de mayo  le est\u00e1 pillando el toro a muchas empresas. Y  WhatsApp , aplicaci\u00f3n de mensajer\u00eda propiedad de Facebook,  no quiere problemas , con lo que ya preparara una actualizaci\u00f3n de sus t\u00e9rminos de uso en la que se modifica la edad m\u00ednima de uso. <\/p>\n<p> Seg\u00fan informa \u00abWABetaInfo\u00bb , perfil de la red Twitter que avanza novedades del servicio digital, la \u00abapp\u00bb subir\u00e1 la edad m\u00ednima para poder utilizarla,  pasando de los 13 a\u00f1os actuales a los 16 a\u00f1os.  Un cambio que se har\u00e1 efectivo pr\u00f3ximamente, atendiendo a las filtraciones que se han aireado. <\/p>\n<p> Seg\u00fan se recogen en los t\u00e9rminos de uso de WhatsApp,  es necesario tener \u00abpor lo menos 13 a\u00f1os de edad\u00bb para poder usar la aplicaci\u00f3n, aunque aclaran que, en caso contrario, tener la edad m\u00ednima requerida en el pa\u00eds \u00ab para tener autorizaci\u00f3n sin aprobaci\u00f3n de tus padres \u00bb. Para poder aceptar los t\u00e9rminos de uso se requiere que los padres o tutor den el consentimiento expreso, aunque este es un requerimiento legal que se saltan los usuarios en muchas ocasiones. Y, por tanto,  t\u00e9cnicamente infringen la normativa , pero se trata de una medida para que la compa\u00f1\u00eda se cubra las espaldas. <\/p>\n<p>El acceso  a las nuevas tecnolog\u00edas est\u00e1 cada vez m\u00e1s extendido  entre los menores, ya sea como herramienta de apoyo en los estudios o de comunicaci\u00f3n con sus familiares y amigos. Que los ni\u00f1os tengan redes sociales no es algo ajeno a la sociedad, ni a las empresas, que dise\u00f1an productos espec\u00edficos para este \u00abtarget\u00bb que ha nacido con el apellido \u00abdigital\u00bb y controla el ambiente incluso mejor que muchos adultos. <\/p>\n<p>Sin embargo, los riesgos en este entorno online no solo se limitan a manejar la t\u00e9cnica, sino que existen otros inherentes a la edad que se trasladan desde el \u00e1mbito social tradicional. Ciberacoso, adicci\u00f3n o el contacto con personas poco deseables son consecuencias negativas que  se repiten cada vez con m\u00e1s asiduidad . Y se agravan con la facilidad que las plataformas otorgan para crear los perfiles, para los que la mayor\u00eda de las veces solo es necesario un correo electr\u00f3nico y una contrase\u00f1a. <\/p>\n<p>La mayor\u00eda de las redes sociales y aplicaciones como WhatsApp sit\u00faan en los 13 a\u00f1os una edad  m\u00ednima para participar  y podr\u00edan eliminar los perfiles que incumplan la legislaci\u00f3n del pa\u00eds en el que se registra la compa\u00f1\u00eda propietaria de la plataforma, aunque pocas veces se comprueba este extremo  si la cuenta no viola alg\u00fan otro t\u00e9rmino de las condiciones  y es reportado por otro usuario. <\/p>\n<p>\u00a0 <\/p>\n","protected":false},"excerpt":{"rendered":"<p>La entrada en vigor de las normativas europeas en materia <a href=\"https:\/\/sertv.gob.pa\/crisolfm\/los-menores-de-16-anos-no-podran-utilizar-whatsapp\/\"> [&#8230;]<\/a><\/p>\n","protected":false},"author":1,"featured_media":11510,"comment_status":"closed","ping_status":"closed","sticky":false,"template":"","format":"standard","meta":{"footnotes":""},"categories":[9],"tags":[],"class_list":["post-11509","post","type-post","status-publish","format-standard","has-post-thumbnail","hentry","category-varios"],"_links":{"self":[{"href":"https:\/\/sertv.gob.pa\/crisolfm\/wp-json\/wp\/v2\/posts\/11509","targetHints":{"allow":["GET"]}}],"collection":[{"href":"https:\/\/sertv.gob.pa\/crisolfm\/wp-json\/wp\/v2\/posts"}],"about":[{"href":"https:\/\/sertv.gob.pa\/crisolfm\/wp-json\/wp\/v2\/types\/post"}],"author":[{"embeddable":true,"href":"https:\/\/sertv.gob.pa\/crisolfm\/wp-json\/wp\/v2\/users\/1"}],"replies":[{"embeddable":true,"href":"https:\/\/sertv.gob.pa\/crisolfm\/wp-json\/wp\/v2\/comments?post=11509"}],"version-history":[{"count":0,"href":"https:\/\/sertv.gob.pa\/crisolfm\/wp-json\/wp\/v2\/posts\/11509\/revisions"}],"wp:featuredmedia":[{"embeddable":true,"href":"https:\/\/sertv.gob.pa\/crisolfm\/wp-json\/wp\/v2\/media\/11510"}],"wp:attachment":[{"href":"https:\/\/sertv.gob.pa\/crisolfm\/wp-json\/wp\/v2\/media?parent=11509"}],"wp:term":[{"taxonomy":"category","embeddable":true,"href":"https:\/\/sertv.gob.pa\/crisolfm\/wp-json\/wp\/v2\/categories?post=11509"},{"taxonomy":"post_tag","embeddable":true,"href":"https:\/\/sertv.gob.pa\/crisolfm\/wp-json\/wp\/v2\/tags?post=11509"}],"curies":[{"name":"wp","href":"https:\/\/api.w.org\/{rel}","templated":true}]}}