{"id":11511,"date":"2018-04-16T16:07:14","date_gmt":"2018-04-16T16:07:14","guid":{"rendered":""},"modified":"2018-04-16T16:07:14","modified_gmt":"2018-04-16T16:07:14","slug":"gsma-latin-america-plenary-meeting-46-sera-en-panama","status":"publish","type":"post","link":"https:\/\/sertv.gob.pa\/crisolfm\/gsma-latin-america-plenary-meeting-46-sera-en-panama\/","title":{"rendered":"GSMA Latin America Plenary Meeting #46 ser\u00e1 en Panam\u00e1"},"content":{"rendered":"<p>\nPanam\u00e1 ser\u00e1 la sede del GSMA Latin America Plenary Meeting #46, el pr\u00f3ximo 10 y 11 de mayo que contar\u00e1 con la participaci\u00f3n de especialistas y ejecutivos del ecosistema digital y la industria de telecomunicaciones y TICs de Am\u00e9rica Latina. <\/p>\n<p>Roberto Meana Mel\u00e9ndez, Administrador General de la Autoridad Nacional de los Servicios P\u00fablicos (ASEP) de Panam\u00e1, y Alcib\u00edades V\u00e1squez Vel\u00e1squez, Ministro de Desarrollo Social de Panam\u00e1, estar\u00e1n entre los expositores principales del encuentro juntos con los CEOs de los operadores m\u00f3viles nacionales. <\/p>\n<p>La conferencia convocada por la GSMA, la asociaci\u00f3n global del ecosistema m\u00f3vil quien organiza el famoso Mobile World Congress de Barcelona, prev\u00e9 una sesi\u00f3n de apertura con panel de debate que tratar\u00e1 sobre &ldquo;La Colaboraci\u00f3n P\u00fablico-Privada y el Negocio Responsable&rdquo; e incluir\u00e1 a Oscar Borda Mayorga, CEO de Claro Panam\u00e1, Marcelo Mouzo, Director Pa\u00eds de Telef\u00f3nica Panam\u00e1, Teresa Moll de Alba Alfaro, Directora Ejecutiva de Sumarse, y Kyungsun Kim, Representante de UNICEF en Panam\u00e1. <\/p>\n<p>&ldquo;La digitalizaci\u00f3n de Am\u00e9rica Latina ser\u00e1 clave para su desarrollo sostenible, y en este encuentro analizaremos con el sector p\u00fablico y privado c\u00f3mo modernizar la regulaci\u00f3n del ecosistema para fomentar la inversi\u00f3n y la innovaci\u00f3n digital en la regi\u00f3n&rdquo;, asegur\u00f3 Sebasti\u00e1n Cabello, Director Regional de la GSMA para Am\u00e9rica Latina. Las conexiones m\u00f3viles en Panam\u00e1 superar\u00e1n los 6 millones durante el segundo trimestre de 2018, con las conexiones de banda ancha m\u00f3vil alcanzando el 51% y los smarphones el 65% de las conexiones totales. &ldquo;Esperamos convocar a todos los actores de la regi\u00f3n y en especial de Centroam\u00e9rica y el Caribe, una regi\u00f3n vibrante que ha quedado un poco rezagada en el despliegue de 4G y que tiene mucho por crecer&rdquo;, agreg\u00f3. <\/p>\n<p>La conferencia tambi\u00e9n incluir\u00e1 la presentaci\u00f3n de un nuevo estudio de la GSMA sobre &ldquo;Competencia e innovaci\u00f3n para la banda ancha m\u00f3vil de Centroam\u00e9rica&rdquo; as\u00ed como de las megatendencias del sector m\u00f3vil en la actualidad y un panel de debate sobre c\u00f3mo maximizar los beneficios socioecon\u00f3micos de internet m\u00f3vil en el que se destaca la presencia de Oscar Garc\u00eda Cardoze, Administrador General de Autoridad de Protecci\u00f3n al Consumidor y Defensa de la Competencia (ACODECO). <\/p>\n<p>Durante este plenario regional de la GSMA se reunir\u00e1n los expertos de los operadores m\u00f3viles latinoamericanos que se nuclean en los cuatro Grupos de Trabajo de GSMA Latin America: Seguridad y Fraude (SEGF), Regulatorio (REGU), T\u00e9cnico y Terminales (TECT) y Wholesale &#038; Agreements Solutions (WASL). Tambi\u00e9n se llevar\u00e1 a cabo el Latam Strategy &#038; Innovation Forum (LSIF), un espacio donde se presentar\u00e1n y debatir\u00e1n las \u00faltimas tendencias que van a verse en el ecosistema m\u00f3vil como 5G, internet de las cosas, inteligencia artificial, el futuro del SIM y el roaming, entre otros temas. <\/p>\n","protected":false},"excerpt":{"rendered":"<p>Panam\u00e1 ser\u00e1 la sede del GSMA Latin America Plenary Meeting <a href=\"https:\/\/sertv.gob.pa\/crisolfm\/gsma-latin-america-plenary-meeting-46-sera-en-panama\/\"> [&#8230;]<\/a><\/p>\n","protected":false},"author":1,"featured_media":11512,"comment_status":"closed","ping_status":"closed","sticky":false,"template":"","format":"standard","meta":{"footnotes":""},"categories":[9],"tags":[],"class_list":["post-11511","post","type-post","status-publish","format-standard","has-post-thumbnail","hentry","category-varios"],"_links":{"self":[{"href":"https:\/\/sertv.gob.pa\/crisolfm\/wp-json\/wp\/v2\/posts\/11511","targetHints":{"allow":["GET"]}}],"collection":[{"href":"https:\/\/sertv.gob.pa\/crisolfm\/wp-json\/wp\/v2\/posts"}],"about":[{"href":"https:\/\/sertv.gob.pa\/crisolfm\/wp-json\/wp\/v2\/types\/post"}],"author":[{"embeddable":true,"href":"https:\/\/sertv.gob.pa\/crisolfm\/wp-json\/wp\/v2\/users\/1"}],"replies":[{"embeddable":true,"href":"https:\/\/sertv.gob.pa\/crisolfm\/wp-json\/wp\/v2\/comments?post=11511"}],"version-history":[{"count":0,"href":"https:\/\/sertv.gob.pa\/crisolfm\/wp-json\/wp\/v2\/posts\/11511\/revisions"}],"wp:featuredmedia":[{"embeddable":true,"href":"https:\/\/sertv.gob.pa\/crisolfm\/wp-json\/wp\/v2\/media\/11512"}],"wp:attachment":[{"href":"https:\/\/sertv.gob.pa\/crisolfm\/wp-json\/wp\/v2\/media?parent=11511"}],"wp:term":[{"taxonomy":"category","embeddable":true,"href":"https:\/\/sertv.gob.pa\/crisolfm\/wp-json\/wp\/v2\/categories?post=11511"},{"taxonomy":"post_tag","embeddable":true,"href":"https:\/\/sertv.gob.pa\/crisolfm\/wp-json\/wp\/v2\/tags?post=11511"}],"curies":[{"name":"wp","href":"https:\/\/api.w.org\/{rel}","templated":true}]}}